{"id":81102,"date":"2025-11-15T04:08:10","date_gmt":"2025-11-15T04:08:10","guid":{"rendered":"https:\/\/www.europesays.com\/se\/81102\/"},"modified":"2025-11-15T04:08:10","modified_gmt":"2025-11-15T04:08:10","slug":"fn-kraver-stopp-pa-huthi-attacker","status":"publish","type":"post","link":"https:\/\/www.europesays.com\/se\/81102\/","title":{"rendered":"FN kr\u00e4ver stopp p\u00e5 Huthi-attacker"},"content":{"rendered":"<p class=\"boxtextgrotesk-root_baa6 hyperion-css-7pajle\">Uppdaterad 00.13 | Publicerad 00.09<\/p>\n<p>share-arrowDela<\/p>\n<p>unsaveSpara<\/p>\n<p>expand-left<\/p>\n<p>helsk\u00e4rm<img decoding=\"async\" class=\"image-asset hyperion-css-u06ts1\" data-test-tag=\"image-asset\" src=\"https:\/\/www.europesays.com\/se\/wp-content\/uploads\/2025\/11\/4c0471bb-101b-43a0-8649-4a72e765eac7\"  alt=\"FN:s s\u00e4kerhetsr\u00e5d. Arkivbild.\"  loading=\"eager\" fetchpriority=\"high\" style=\"aspect-ratio:1900 \/ 1267\"\/>FN:s s\u00e4kerhetsr\u00e5d. Arkivbild. Foto: Charly Triballeau\/AP\/TT<\/p>\n<p class=\"hyperion-css-1shl3oz\" data-test-tag=\"lead-text\">FN:s s\u00e4kerhetsr\u00e5d antog sent p\u00e5 fredagskv\u00e4llen en resolution d\u00e4r man kr\u00e4ver ett stopp f\u00f6r de attacker som Huthir\u00f6relsen i Jemen utf\u00f6r i andra l\u00e4nder och till havs.<\/p>\n<p class=\"hyperion-css-1v9qo5x\">Resolutionen, som \u00e4ven inneb\u00e4r att sanktionerna mot den den Iranst\u00f6dda r\u00f6relsen f\u00f6rl\u00e4ngs, antogs med siffrorna 13\u20130, Kina och Ryssland avstod fr\u00e5n att r\u00f6sta.<\/p>\n<p class=\"hyperion-css-1v9qo5x\">Huthi-styret st\u00e4llde sig p\u00e5 palestinska terrorst\u00e4mplade Hamas sida i Gazakriget och skickar bland annat robotar och dr\u00f6nare mot Israel.<\/p>\n","protected":false},"excerpt":{"rendered":"Uppdaterad 00.13 | Publicerad 00.09 share-arrowDela unsaveSpara expand-left helsk\u00e4rmFN:s s\u00e4kerhetsr\u00e5d. Arkivbild. Foto: Charly Triballeau\/AP\/TT FN:s s\u00e4kerhetsr\u00e5d antog sent&hellip;\n","protected":false},"author":2,"featured_media":81103,"comment_status":"","ping_status":"","sticky":false,"template":"","format":"standard","meta":{"footnotes":""},"categories":[14],"tags":[22,23,26,27,17,21,24,25,28,29,15,16,18,34,31,33,32,30,19,20,51,52,53,54],"class_list":{"0":"post-81102","1":"post","2":"type-post","3":"status-publish","4":"format-standard","5":"has-post-thumbnail","7":"category-varlden","8":"tag-breaking-news","9":"tag-breakingnews","10":"tag-featured-news","11":"tag-featurednews","12":"tag-headlines","13":"tag-huvudnyheter","14":"tag-latest-news","15":"tag-latestnews","16":"tag-main-news","17":"tag-mainnews","18":"tag-news","19":"tag-nyheter","20":"tag-rubriker","21":"tag-se","22":"tag-svenska","23":"tag-sverige","24":"tag-sweden","25":"tag-swedish","26":"tag-top-stories","27":"tag-topstories","28":"tag-varlden","29":"tag-world","30":"tag-world-news","31":"tag-worldnews"},"share_on_mastodon":{"url":"https:\/\/pubeurope.com\/@se\/115551751653440832","error":""},"_links":{"self":[{"href":"https:\/\/www.europesays.com\/se\/wp-json\/wp\/v2\/posts\/81102","targetHints":{"allow":["GET"]}}],"collection":[{"href":"https:\/\/www.europesays.com\/se\/wp-json\/wp\/v2\/posts"}],"about":[{"href":"https:\/\/www.europesays.com\/se\/wp-json\/wp\/v2\/types\/post"}],"author":[{"embeddable":true,"href":"https:\/\/www.europesays.com\/se\/wp-json\/wp\/v2\/users\/2"}],"replies":[{"embeddable":true,"href":"https:\/\/www.europesays.com\/se\/wp-json\/wp\/v2\/comments?post=81102"}],"version-history":[{"count":0,"href":"https:\/\/www.europesays.com\/se\/wp-json\/wp\/v2\/posts\/81102\/revisions"}],"wp:featuredmedia":[{"embeddable":true,"href":"https:\/\/www.europesays.com\/se\/wp-json\/wp\/v2\/media\/81103"}],"wp:attachment":[{"href":"https:\/\/www.europesays.com\/se\/wp-json\/wp\/v2\/media?parent=81102"}],"wp:term":[{"taxonomy":"category","embeddable":true,"href":"https:\/\/www.europesays.com\/se\/wp-json\/wp\/v2\/categories?post=81102"},{"taxonomy":"post_tag","embeddable":true,"href":"https:\/\/www.europesays.com\/se\/wp-json\/wp\/v2\/tags?post=81102"}],"curies":[{"name":"wp","href":"https:\/\/api.w.org\/{rel}","templated":true}]}}