{"id":81108,"date":"2025-11-15T04:32:08","date_gmt":"2025-11-15T04:32:08","guid":{"rendered":"https:\/\/www.europesays.com\/se\/81108\/"},"modified":"2025-11-15T04:32:08","modified_gmt":"2025-11-15T04:32:08","slug":"trump-bryter-med-taylor-greene-gnallande-galning","status":"publish","type":"post","link":"https:\/\/www.europesays.com\/se\/81108\/","title":{"rendered":"Trump bryter med Taylor Greene: \u201dGn\u00e4llande galning\u201d"},"content":{"rendered":"<p>USA:s president Donald Trump bryter med h\u00f6gerprofilen Marjorie Taylor Greene som sitter i representanthuset f\u00f6r Republikanerna, skriver AFP. <\/p>\n<p>Den tidigare benh\u00e5rt lojala  Taylor Greene har p\u00e5 senare tid flera g\u00e5nger g\u00e5tt emot presidenten. Bland annat kallade hon i somras Israels krig i Gaza f\u00f6r ett folkmord, och hon har kritiserat Trump f\u00f6r att inte fokusera p\u00e5 inrikesfr\u00e5gor som r\u00f6r vanliga m\u00e4nniskor. <\/p>\n<p>Nyligen har hon ocks\u00e5 anslutit sig till Demokraternas krav p\u00e5 att offentligg\u00f6ra handlingar som r\u00f6r utredningen kring sexbrottslingen Jeffrey Epstein. <\/p>\n<p>I ett inl\u00e4gg p\u00e5 Truth Social kallar Trump bland annat Taylor Greene f\u00f6r en \u201dgn\u00e4llande galning\u201d, och meddelar att han kommer att st\u00f6tta den som utmanar henne om hennes kongressplats. <\/p>\n<p>\u201dAllt hon g\u00f6r \u00e4r att klaga, klaga, klaga\u201d, skriver han och forts\u00e4tter med att s\u00e4ga att hon glidit \u201dl\u00e5ngt ut till v\u00e4nster\u201d. <\/p>\n<p>Omni \u00e4r politiskt obundna och oberoende. Vi str\u00e4var efter att ge fler perspektiv p\u00e5 nyheterna. Har du fr\u00e5gor eller synpunkter kring v\u00e5r rapportering? <a href=\"https:\/\/omni.se\/trump-bryter-med-taylor-greene-gnallande-galning\/a\/mailto:redaktion@omni.se\" class=\"ArticleActions_contactLink__W2F1M\" rel=\"nofollow noopener\" target=\"_blank\">Kontakta redaktionen<\/a><\/p>\n","protected":false},"excerpt":{"rendered":"USA:s president Donald Trump bryter med h\u00f6gerprofilen Marjorie Taylor Greene som sitter i representanthuset f\u00f6r Republikanerna, skriver AFP.&hellip;\n","protected":false},"author":2,"featured_media":81109,"comment_status":"","ping_status":"","sticky":false,"template":"","format":"standard","meta":{"footnotes":""},"categories":[14],"tags":[387,22,23,385,26,27,17,21,24,25,28,29,7431,15,268,16,18,34,31,33,32,30,19,20,386,74,51,52,53,54],"class_list":{"0":"post-81108","1":"post","2":"type-post","3":"status-publish","4":"format-standard","5":"has-post-thumbnail","7":"category-varlden","8":"tag-amerikansk-politik","9":"tag-breaking-news","10":"tag-breakingnews","11":"tag-donald-trump","12":"tag-featured-news","13":"tag-featurednews","14":"tag-headlines","15":"tag-huvudnyheter","16":"tag-latest-news","17":"tag-latestnews","18":"tag-main-news","19":"tag-mainnews","20":"tag-marjorie-taylor-greene","21":"tag-news","22":"tag-nordamerika","23":"tag-nyheter","24":"tag-rubriker","25":"tag-se","26":"tag-svenska","27":"tag-sverige","28":"tag-sweden","29":"tag-swedish","30":"tag-top-stories","31":"tag-topstories","32":"tag-trumps-usa","33":"tag-usa","34":"tag-varlden","35":"tag-world","36":"tag-world-news","37":"tag-worldnews"},"share_on_mastodon":{"url":"https:\/\/pubeurope.com\/@se\/115551845961420362","error":""},"_links":{"self":[{"href":"https:\/\/www.europesays.com\/se\/wp-json\/wp\/v2\/posts\/81108","targetHints":{"allow":["GET"]}}],"collection":[{"href":"https:\/\/www.europesays.com\/se\/wp-json\/wp\/v2\/posts"}],"about":[{"href":"https:\/\/www.europesays.com\/se\/wp-json\/wp\/v2\/types\/post"}],"author":[{"embeddable":true,"href":"https:\/\/www.europesays.com\/se\/wp-json\/wp\/v2\/users\/2"}],"replies":[{"embeddable":true,"href":"https:\/\/www.europesays.com\/se\/wp-json\/wp\/v2\/comments?post=81108"}],"version-history":[{"count":0,"href":"https:\/\/www.europesays.com\/se\/wp-json\/wp\/v2\/posts\/81108\/revisions"}],"wp:featuredmedia":[{"embeddable":true,"href":"https:\/\/www.europesays.com\/se\/wp-json\/wp\/v2\/media\/81109"}],"wp:attachment":[{"href":"https:\/\/www.europesays.com\/se\/wp-json\/wp\/v2\/media?parent=81108"}],"wp:term":[{"taxonomy":"category","embeddable":true,"href":"https:\/\/www.europesays.com\/se\/wp-json\/wp\/v2\/categories?post=81108"},{"taxonomy":"post_tag","embeddable":true,"href":"https:\/\/www.europesays.com\/se\/wp-json\/wp\/v2\/tags?post=81108"}],"curies":[{"name":"wp","href":"https:\/\/api.w.org\/{rel}","templated":true}]}}