{"id":81110,"date":"2025-11-15T04:34:26","date_gmt":"2025-11-15T04:34:26","guid":{"rendered":"https:\/\/www.europesays.com\/se\/81110\/"},"modified":"2025-11-15T04:34:26","modified_gmt":"2025-11-15T04:34:26","slug":"polisen-tre-personer-doda-i-olyckan-flera-doda-i-bussolycka-i-centrala-stockholm-svt-nyheter","status":"publish","type":"post","link":"https:\/\/www.europesays.com\/se\/81110\/","title":{"rendered":"Polisen: Tre personer d\u00f6da i olyckan \u2013 Flera d\u00f6da i bussolycka i centrala Stockholm &#8211; SVT Nyheter"},"content":{"rendered":"<ol>\n<li><a href=\"https:\/\/news.google.com\/rss\/articles\/CBMixwFBVV95cUxNV09vTll4aExWd181eW9QTzVLdGxGVzI4elkzVGhfZ1JWRkRVY2dWQ3l1SFNqOUtoUDR5YU5LOHlvdUpMaVJ5Vk1oelFLUEx6SEREbjJIXzc0eE1YTHJwYy1EeFN6ZXhqdFhvYzJEcnhOeDNQUTZ4UXg3RndKN1BCenBlelpVZE5hX1BZVjJaYTQ2YWxPWHZSOGRXcmJWcWRvbnlGUmNjZzgyUUY2SmJtZ2xEbmV1UkdnRktsWXdkcEM5ekczNDRv?oc=5\" target=\"_blank\" rel=\"nofollow noopener\">Polisen: Tre personer d\u00f6da i olyckan \u2013 Flera d\u00f6da i bussolycka i centrala Stockholm<\/a>&nbsp;&nbsp;SVT Nyheter<\/li>\n<li><a href=\"https:\/\/news.google.com\/rss\/articles\/CBMidkFVX3lxTFBwVHpocE5JT1dSOXdORHFOSzF0M19lQzlGbFZOQjYxRkQtQzBPNXN0dk8tYTRuNUdYMDM5SnpzQjluVk4tUUZEZXh0M1F3Xzl2OTFIUmNtbjBCN0xXSF8ydUViSVcydWxUa1RaSm14TGxrN1IxRGc?oc=5\" target=\"_blank\" rel=\"nofollow noopener\">JUST NU: Flera d\u00f6da i bussolyckan \u2013 f\u00f6raren gripen<\/a>&nbsp;&nbsp;Aftonbladet<\/li>\n<li><a href=\"https:\/\/news.google.com\/rss\/articles\/CBMimAFBVV95cUxQa0MwZWVtclZLcXpMVEcxLUxvUF9RRGFoV2xrekx3aU1lOUF1LWJjV2xaSEVoNkcyYks1MDVob1hQXzY5SFpJOGVKbnhoZnhPaktBM3RRampSYUQxQ3BlSnJlcTJKWVhETVMwTUthdEQyTWt2Yko4Zzk4U3hTQ3dHazJnTVlfNXlRQ253WEF6eG9DSGlfY0VpTA?oc=5\" target=\"_blank\" rel=\"nofollow noopener\">Polisen bekr\u00e4ftar tre d\u00f6da i bussolyckan p\u00e5 \u00d6stermalm &#8211; P4 Stockholm<\/a>&nbsp;&nbsp;Sveriges Radio<\/li>\n<li><a href=\"https:\/\/news.google.com\/rss\/articles\/CBMinAFBVV95cUxObmplYkY0NUY0dmVmb1lHS3N6NHdXT2dIakIxTmRETmdPR2xkbWtQazQtN0kwYjlicm9YRTlfaGpfSDhxRGYyTTByVjNYaVdlV0I0UGx6b054T3JXM1ExRzZ5NTJLbjVnYWZZS3hzZXBwaUFJaFk1ZG5SeUhWSVN4Rl85Tm1DWHQ1UnBST1VGRzFnN3JDSmtpQ0Fpckg?oc=5\" target=\"_blank\" rel=\"nofollow noopener\">H\u00e5llplats 639 till Hallstavik och Rimbo rammad \u2013 tre d\u00f6da<\/a>&nbsp;&nbsp;Norrtelje Tidning<\/li>\n<li><a href=\"https:\/\/news.google.com\/rss\/articles\/CBMipAFBVV95cUxQb3RZUjdCRXNEVzQtMVJCcWhfWmppdTNkTmQ2MjBqZXl0OEdyenZSRVRiakMxU0M1VExpY3pMVXF5TUI2b3oxM3FIZjUwSmhrWEhfTXo3eGNRX0JxZXgtSXpwUnR6ajVCNENIOHM0SmdHSVpqSm5TNFlKM0J2U2RCX1NGOTNpcnZFanBMcEpCUzFhS0wtQmZMMzAzMURzWWptSl9Xdg?oc=5\" target=\"_blank\" rel=\"nofollow noopener\">Allvarlig bussolycka p\u00e5 Valhallav\u00e4gen i Stockholm<\/a>&nbsp;&nbsp;Krisinformation.se<\/li>\n<\/ol>\n","protected":false},"excerpt":{"rendered":"Polisen: Tre personer d\u00f6da i olyckan \u2013 Flera d\u00f6da i bussolycka i centrala Stockholm&nbsp;&nbsp;SVT Nyheter JUST NU: Flera&hellip;\n","protected":false},"author":2,"featured_media":81111,"comment_status":"","ping_status":"","sticky":false,"template":"","format":"standard","meta":{"footnotes":""},"categories":[5],"tags":[22,23,26,27,17,21,24,25,28,29,15,16,18,34,31,33,32,30,19,20],"class_list":{"0":"post-81110","1":"post","2":"type-post","3":"status-publish","4":"format-standard","5":"has-post-thumbnail","7":"category-rubriker","8":"tag-breaking-news","9":"tag-breakingnews","10":"tag-featured-news","11":"tag-featurednews","12":"tag-headlines","13":"tag-huvudnyheter","14":"tag-latest-news","15":"tag-latestnews","16":"tag-main-news","17":"tag-mainnews","18":"tag-news","19":"tag-nyheter","20":"tag-rubriker","21":"tag-se","22":"tag-svenska","23":"tag-sverige","24":"tag-sweden","25":"tag-swedish","26":"tag-top-stories","27":"tag-topstories"},"share_on_mastodon":{"url":"https:\/\/pubeurope.com\/@se\/115551853824661022","error":""},"_links":{"self":[{"href":"https:\/\/www.europesays.com\/se\/wp-json\/wp\/v2\/posts\/81110","targetHints":{"allow":["GET"]}}],"collection":[{"href":"https:\/\/www.europesays.com\/se\/wp-json\/wp\/v2\/posts"}],"about":[{"href":"https:\/\/www.europesays.com\/se\/wp-json\/wp\/v2\/types\/post"}],"author":[{"embeddable":true,"href":"https:\/\/www.europesays.com\/se\/wp-json\/wp\/v2\/users\/2"}],"replies":[{"embeddable":true,"href":"https:\/\/www.europesays.com\/se\/wp-json\/wp\/v2\/comments?post=81110"}],"version-history":[{"count":0,"href":"https:\/\/www.europesays.com\/se\/wp-json\/wp\/v2\/posts\/81110\/revisions"}],"wp:featuredmedia":[{"embeddable":true,"href":"https:\/\/www.europesays.com\/se\/wp-json\/wp\/v2\/media\/81111"}],"wp:attachment":[{"href":"https:\/\/www.europesays.com\/se\/wp-json\/wp\/v2\/media?parent=81110"}],"wp:term":[{"taxonomy":"category","embeddable":true,"href":"https:\/\/www.europesays.com\/se\/wp-json\/wp\/v2\/categories?post=81110"},{"taxonomy":"post_tag","embeddable":true,"href":"https:\/\/www.europesays.com\/se\/wp-json\/wp\/v2\/tags?post=81110"}],"curies":[{"name":"wp","href":"https:\/\/api.w.org\/{rel}","templated":true}]}}