{"id":81112,"date":"2025-11-15T05:06:26","date_gmt":"2025-11-15T05:06:26","guid":{"rendered":"https:\/\/www.europesays.com\/se\/81112\/"},"modified":"2025-11-15T05:06:26","modified_gmt":"2025-11-15T05:06:26","slug":"5-punkter-om-bussolyckan-pa-ostermalm","status":"publish","type":"post","link":"https:\/\/www.europesays.com\/se\/81112\/","title":{"rendered":"5 punkter om bussolyckan p\u00e5 \u00d6stermalm"},"content":{"rendered":"<p><a data-test-tag=\"internal-link\" href=\"https:\/\/www.aftonbladet.se\/av\/agnes-ericson\" class=\"hyperion-css-13ns1rr\" rel=\"nofollow noopener\" target=\"\" aria-label=\"Se alla artiklar av Agn\u00e8s Ericson\"><img decoding=\"async\" class=\"image-asset hyperion-css-n6kkq1\" data-test-tag=\"image-asset\" src=\"https:\/\/www.europesays.com\/se\/wp-content\/uploads\/2025\/11\/1763183183_296_40e63808-cfdf-4edd-a8ec-9c54637d26da\"  alt=\"\"  loading=\"lazy\" fetchpriority=\"auto\" style=\"aspect-ratio:1900 \/ 1900\"\/><\/a>share-arrowDela<\/p>\n<p>unsaveSpara<\/p>\n<p>expand-left<\/p>\n<p>helsk\u00e4rm<img decoding=\"async\" class=\"image-asset hyperion-css-u06ts1\" data-test-tag=\"image-asset\" src=\"https:\/\/www.europesays.com\/se\/wp-content\/uploads\/2025\/11\/dd00d8aa-2a43-45f5-9162-516424e68bf5\"  alt=\"Tre personer dog och tre skadades n\u00e4r bussen rammade en busskur p\u00e5 fredagseftermiddagen.\"  loading=\"eager\" fetchpriority=\"high\" style=\"aspect-ratio:1226 \/ 551\"\/>Tre personer dog och tre skadades n\u00e4r bussen rammade en busskur p\u00e5 fredagseftermiddagen. Foto: L\u00e4sarbild<\/p>\n<p class=\"hyperion-css-1shl3oz\" data-test-tag=\"lead-text\">Tre personer har d\u00f6tt efter att en dubbeld\u00e4ckare rammade en busskur p\u00e5 \u00d6stermalm under fredagseftermiddagen. <\/p>\n<p class=\"hyperion-css-1shl3oz\" data-test-tag=\"lead-text\">H\u00e4r \u00e4r fem punkter om d\u00f6dsolyckan. <\/p>\n<p>1. Skr\u00e4ckf\u00e4rden n\u00e4r bussen krossar kuren <\/p>\n<p class=\"hyperion-css-1v9qo5x\">Mitt i rusningstrafiken, vid klockan 15.20, stod flera personer och v\u00e4ntade p\u00e5 bussen vid Tekniska h\u00f6gskolan i centrala Stockholm. N\u00e5gra minuter senare k\u00f6rde en dubbeld\u00e4ckare in i busskuren. I 25\u201330 meter drog bussen med sig kuren och under skr\u00e4ckf\u00e4rden k\u00f6rdes flera personer p\u00e5. <\/p>\n<p class=\"hyperion-css-1v9qo5x\">Panikartade scener br\u00f6t ut. M\u00e4nniskor l\u00e5g skadade p\u00e5 marken och m\u00e5nga personer, d\u00e4ribland barn, blev vittnen till den fruktansv\u00e4rda olyckan. <\/p>\n<p class=\"hyperion-css-1v9qo5x\">Ett massivt p\u00e5drag inleddes men ett stort antal poliser, ambulanser och enheter fr\u00e5n r\u00e4ddningstj\u00e4nsten. <\/p>\n<p>2. S\u00e5 m\u00e5nga dog och skadades <\/p>\n<p class=\"hyperion-css-1v9qo5x\">I samband med busskraschen har tre personer mist sitt liv. Polisen har inte g\u00e5tt ut med varken k\u00f6n eller \u00e5lder p\u00e5 de d\u00f6da, utan s\u00e4ger att ett identifieringsarbete p\u00e5g\u00e5r. <\/p>\n<p class=\"hyperion-css-1v9qo5x\">Ytterligare tre personer har skadats i krocken. Tv\u00e5 f\u00f6rdes med ambulans till sjukhus och en tog sig dit p\u00e5 annat s\u00e4tt. Enligt region Stockholm v\u00e5rdas tv\u00e5 av dem med allvarliga skador. <\/p>\n<p>expand-left<\/p>\n<p>helsk\u00e4rm<img decoding=\"async\" class=\"image-asset hyperion-css-u06ts1\" data-test-tag=\"image-asset\" src=\"https:\/\/www.europesays.com\/se\/wp-content\/uploads\/2025\/11\/9ae75b36-548b-441c-8d88-d3477f10e383\"  alt=\"Polisen har inte g\u00e5tt ut med varken k\u00f6n eller \u00e5lder p\u00e5 de d\u00f6da.\"  loading=\"eager\" fetchpriority=\"high\" style=\"aspect-ratio:1900 \/ 1334\"\/>Polisen har inte g\u00e5tt ut med varken k\u00f6n eller \u00e5lder p\u00e5 de d\u00f6da. Foto: Peter Wixtr\u00f6m3. Bussen var besiktigad <\/p>\n<p class=\"hyperion-css-1v9qo5x\">Dubbeld\u00e4ckarbussen tillh\u00f6r Stockholms lokaltrafik SL men k\u00f6rdes av Transdev. Vid olyckan var bussen inte i trafik och inga passagerare befann sig ombord.<\/p>\n<p class=\"hyperion-css-1v9qo5x\">\u2013 Vi har aktiverat krisledningen i v\u00e5r verksamhet f\u00f6r att hantera medarbetare. Det \u00e4r en hemsk h\u00e4ndelse som skapar mycket k\u00e4nslor och chock hos alla som \u00e4r inblandade i det h\u00e4r, s\u00e4ger Lovisa \u00c5bom, kommunikationschef p\u00e5 Transdev.<\/p>\n<p class=\"hyperion-css-1v9qo5x\">Efter h\u00e4ndelsen har SL g\u00e5tt upp i stabsl\u00e4ge. <\/p>\n<p class=\"hyperion-css-1v9qo5x\">SL s\u00e4ger att de har f\u00e5tt det bekr\u00e4ftat att bussen var besiktigad, hade godk\u00e4nda bromsar, fungerande utrustning och alkol\u00e5s. <\/p>\n<p>expand-left<\/p>\n<p>helsk\u00e4rm<img decoding=\"async\" class=\"image-asset hyperion-css-u06ts1\" data-test-tag=\"image-asset\" src=\"https:\/\/www.europesays.com\/se\/wp-content\/uploads\/2025\/11\/c5bacb7a-d1bf-472d-8456-a825b31591e1\"  alt=\"Bussf\u00f6raren \u00e4r anh\u00e5llen, men enligt polisen finns det inte n\u00e5got i nul\u00e4get som tyder p\u00e5 att h\u00e4ndelsen var avsiktlig.\"  loading=\"eager\" fetchpriority=\"high\" style=\"aspect-ratio:1900 \/ 1267\"\/>Bussf\u00f6raren \u00e4r anh\u00e5llen, men enligt polisen finns det inte n\u00e5got i nul\u00e4get som tyder p\u00e5 att h\u00e4ndelsen var avsiktlig. Foto: Peter Wixtr\u00f6m4. Busschauff\u00f6ren gripen \u2013 kan r\u00f6ra sig om olycka <\/p>\n<p class=\"hyperion-css-1v9qo5x\">Chauff\u00f6ren som k\u00f6rde bussen greps omedelbart och anh\u00f6lls senare under kv\u00e4llen av \u00e5klagare. Mannen misst\u00e4nks f\u00f6r v\u00e5llande till annans d\u00f6d och v\u00e5llande till kroppsskada.<\/p>\n<p class=\"hyperion-css-1v9qo5x\">Ett f\u00f6rsta f\u00f6rh\u00f6r har h\u00e5llits med f\u00f6raren. <\/p>\n<p class=\"hyperion-css-1v9qo5x\">I nul\u00e4get \u00e4r det oklart vad som orsakat olyckan. Enligt Aftonbladets uppgifter tyder mycket p\u00e5 att det kan r\u00f6ra sig om en olycka.<\/p>\n<p class=\"hyperion-css-1v9qo5x\">Polisen s\u00e4ger att det inte finns n\u00e5got som tyder p\u00e5 att kraschen var avsiktlig. <\/p>\n<p>expand-left<\/p>\n<p>helsk\u00e4rm<img decoding=\"async\" class=\"image-asset hyperion-css-u06ts1\" data-test-tag=\"image-asset\" src=\"https:\/\/www.europesays.com\/se\/wp-content\/uploads\/2025\/11\/510bfd51-e4ba-4441-9bf0-a936d4d6601f\"  alt=\"\"  loading=\"eager\" fetchpriority=\"high\" style=\"aspect-ratio:1900 \/ 1140\"\/> Foto: Magnus Sandberg5. Starka reaktioner efter olyckan <\/p>\n<p class=\"hyperion-css-1v9qo5x\">Olyckan har v\u00e4ckt starka politiska reaktioner. <\/p>\n<p class=\"hyperion-css-1v9qo5x\">Statsministern Ulf Kristersson sa under kv\u00e4llen att hans tankar \u00e4r hos de drabbade och deras anh\u00f6riga. <\/p>\n<p class=\"hyperion-css-1v9qo5x\">\u00c4ven kungen har g\u00e5tt ut och visat sitt st\u00f6d till de inblandade. <\/p>\n<p class=\"hyperion-css-1v9qo5x\">V-ledaren Nooshi Dadgostar kallar olyckan fasansfull.<\/p>\n<p class=\"hyperion-css-1v9qo5x\">\u201dSorg. Ingen ro finns att finna i hur snabbt livet kan \u00e4ndras\u201d, skriver V-ledaren Nooshi Dadgostar p\u00e5 sociala medier. <\/p>\n<p class=\"hyperion-css-1v9qo5x\">Den h\u00e4r texten \u00e4r framtagen med hj\u00e4lp av AI och faktagranskad av Aftonbladet. <\/p>\n","protected":false},"excerpt":{"rendered":"share-arrowDela unsaveSpara expand-left helsk\u00e4rmTre personer dog och tre skadades n\u00e4r bussen rammade en busskur p\u00e5 fredagseftermiddagen. Foto: L\u00e4sarbild&hellip;\n","protected":false},"author":2,"featured_media":81113,"comment_status":"","ping_status":"","sticky":false,"template":"","format":"standard","meta":{"footnotes":""},"categories":[5],"tags":[22,23,26,27,17,21,24,25,28,29,15,16,18,34,31,33,32,30,19,20],"class_list":{"0":"post-81112","1":"post","2":"type-post","3":"status-publish","4":"format-standard","5":"has-post-thumbnail","7":"category-rubriker","8":"tag-breaking-news","9":"tag-breakingnews","10":"tag-featured-news","11":"tag-featurednews","12":"tag-headlines","13":"tag-huvudnyheter","14":"tag-latest-news","15":"tag-latestnews","16":"tag-main-news","17":"tag-mainnews","18":"tag-news","19":"tag-nyheter","20":"tag-rubriker","21":"tag-se","22":"tag-svenska","23":"tag-sverige","24":"tag-sweden","25":"tag-swedish","26":"tag-top-stories","27":"tag-topstories"},"share_on_mastodon":{"url":"https:\/\/pubeurope.com\/@se\/115551979836723981","error":""},"_links":{"self":[{"href":"https:\/\/www.europesays.com\/se\/wp-json\/wp\/v2\/posts\/81112","targetHints":{"allow":["GET"]}}],"collection":[{"href":"https:\/\/www.europesays.com\/se\/wp-json\/wp\/v2\/posts"}],"about":[{"href":"https:\/\/www.europesays.com\/se\/wp-json\/wp\/v2\/types\/post"}],"author":[{"embeddable":true,"href":"https:\/\/www.europesays.com\/se\/wp-json\/wp\/v2\/users\/2"}],"replies":[{"embeddable":true,"href":"https:\/\/www.europesays.com\/se\/wp-json\/wp\/v2\/comments?post=81112"}],"version-history":[{"count":0,"href":"https:\/\/www.europesays.com\/se\/wp-json\/wp\/v2\/posts\/81112\/revisions"}],"wp:featuredmedia":[{"embeddable":true,"href":"https:\/\/www.europesays.com\/se\/wp-json\/wp\/v2\/media\/81113"}],"wp:attachment":[{"href":"https:\/\/www.europesays.com\/se\/wp-json\/wp\/v2\/media?parent=81112"}],"wp:term":[{"taxonomy":"category","embeddable":true,"href":"https:\/\/www.europesays.com\/se\/wp-json\/wp\/v2\/categories?post=81112"},{"taxonomy":"post_tag","embeddable":true,"href":"https:\/\/www.europesays.com\/se\/wp-json\/wp\/v2\/tags?post=81112"}],"curies":[{"name":"wp","href":"https:\/\/api.w.org\/{rel}","templated":true}]}}