{"id":81116,"date":"2025-11-15T05:14:24","date_gmt":"2025-11-15T05:14:24","guid":{"rendered":"https:\/\/www.europesays.com\/se\/81116\/"},"modified":"2025-11-15T05:14:24","modified_gmt":"2025-11-15T05:14:24","slug":"har-i-stort-sett-bestamt-mig-om-venezuela","status":"publish","type":"post","link":"https:\/\/www.europesays.com\/se\/81116\/","title":{"rendered":"Har i stort sett best\u00e4mt mig om Venezuela"},"content":{"rendered":"<p>USA:s president Donald Trump har \u201di stort sett\u201d best\u00e4mt sig f\u00f6r hur han vill agera n\u00e4r det g\u00e4ller den sp\u00e4nda situationen i Latinamerika. Det meddelade han reportrar ombord p\u00e5 presidentplanet Air Force One, skriver AFP.<\/p>\n<p>\u2013 Jag kan inte s\u00e4ga vad, men vi har gjort stora framsteg kring Venezuela n\u00e4r det g\u00e4ller att stoppa droger fr\u00e5n att str\u00f6mma in, sa Trump. <\/p>\n<p>De senaste veckorna har USA samlat milit\u00e4ra fartyg, flygplan och soldater i regionen och utf\u00f6rt en rad d\u00f6dliga attacker mot utpekade \u201dknarkb\u00e5tar\u201d. <\/p>\n<p>Nyligen uppgav k\u00e4llor f\u00f6r CBS att milit\u00e4ren lagt fram ett antal f\u00f6rslag f\u00f6r Trump, varav ett ska handla om att genomf\u00f6ra anfall p\u00e5 land. Venezuela har svarat med att mobilisera sin milit\u00e4r.  <\/p>\n<p>Omni \u00e4r politiskt obundna och oberoende. Vi str\u00e4var efter att ge fler perspektiv p\u00e5 nyheterna. Har du fr\u00e5gor eller synpunkter kring v\u00e5r rapportering? <a href=\"https:\/\/omni.se\/trump-har-i-stort-sett-bestamt-mig-om-venezuela\/a\/mailto:redaktion@omni.se\" class=\"ArticleActions_contactLink__W2F1M\" rel=\"nofollow noopener\" target=\"_blank\">Kontakta redaktionen<\/a><\/p>\n","protected":false},"excerpt":{"rendered":"USA:s president Donald Trump har \u201di stort sett\u201d best\u00e4mt sig f\u00f6r hur han vill agera n\u00e4r det g\u00e4ller&hellip;\n","protected":false},"author":2,"featured_media":81117,"comment_status":"","ping_status":"","sticky":false,"template":"","format":"standard","meta":{"footnotes":""},"categories":[5],"tags":[387,22,23,385,26,27,17,21,24,25,708,28,29,15,268,16,18,34,31,33,32,30,19,20,74,2545],"class_list":{"0":"post-81116","1":"post","2":"type-post","3":"status-publish","4":"format-standard","5":"has-post-thumbnail","7":"category-rubriker","8":"tag-amerikansk-politik","9":"tag-breaking-news","10":"tag-breakingnews","11":"tag-donald-trump","12":"tag-featured-news","13":"tag-featurednews","14":"tag-headlines","15":"tag-huvudnyheter","16":"tag-latest-news","17":"tag-latestnews","18":"tag-latinamerika","19":"tag-main-news","20":"tag-mainnews","21":"tag-news","22":"tag-nordamerika","23":"tag-nyheter","24":"tag-rubriker","25":"tag-se","26":"tag-svenska","27":"tag-sverige","28":"tag-sweden","29":"tag-swedish","30":"tag-top-stories","31":"tag-topstories","32":"tag-usa","33":"tag-venezuela"},"share_on_mastodon":{"url":"https:\/\/pubeurope.com\/@se\/115552011097015383","error":""},"_links":{"self":[{"href":"https:\/\/www.europesays.com\/se\/wp-json\/wp\/v2\/posts\/81116","targetHints":{"allow":["GET"]}}],"collection":[{"href":"https:\/\/www.europesays.com\/se\/wp-json\/wp\/v2\/posts"}],"about":[{"href":"https:\/\/www.europesays.com\/se\/wp-json\/wp\/v2\/types\/post"}],"author":[{"embeddable":true,"href":"https:\/\/www.europesays.com\/se\/wp-json\/wp\/v2\/users\/2"}],"replies":[{"embeddable":true,"href":"https:\/\/www.europesays.com\/se\/wp-json\/wp\/v2\/comments?post=81116"}],"version-history":[{"count":0,"href":"https:\/\/www.europesays.com\/se\/wp-json\/wp\/v2\/posts\/81116\/revisions"}],"wp:featuredmedia":[{"embeddable":true,"href":"https:\/\/www.europesays.com\/se\/wp-json\/wp\/v2\/media\/81117"}],"wp:attachment":[{"href":"https:\/\/www.europesays.com\/se\/wp-json\/wp\/v2\/media?parent=81116"}],"wp:term":[{"taxonomy":"category","embeddable":true,"href":"https:\/\/www.europesays.com\/se\/wp-json\/wp\/v2\/categories?post=81116"},{"taxonomy":"post_tag","embeddable":true,"href":"https:\/\/www.europesays.com\/se\/wp-json\/wp\/v2\/tags?post=81116"}],"curies":[{"name":"wp","href":"https:\/\/api.w.org\/{rel}","templated":true}]}}