{"id":81137,"date":"2025-11-15T06:35:38","date_gmt":"2025-11-15T06:35:38","guid":{"rendered":"https:\/\/www.europesays.com\/se\/81137\/"},"modified":"2025-11-15T06:35:38","modified_gmt":"2025-11-15T06:35:38","slug":"icas-vd-nina-jonsson-vi-har-inte-gjort-otillborliga-prishojningar-15-november-2025-ekots-lordagsintervju","status":"publish","type":"post","link":"https:\/\/www.europesays.com\/se\/81137\/","title":{"rendered":"Ica:s vd Nina J\u00f6nsson: Vi har inte gjort otillb\u00f6rliga prish\u00f6jningar 15 november 2025 &#8211; Ekots l\u00f6rdagsintervju"},"content":{"rendered":"<p>I Sverige har matpriserna \u00f6kat de senaste \u00e5ren, st\u00f6rst var \u00f6kningen mellan 2021\u20132023 d\u00e5 priset steg med <a class=\"external-link\" rel=\"noreferrer noopener nofollow\" target=\"_blank\" href=\"https:\/\/www.konkurrensverket.se\/informationsmaterial\/rapportlista\/lonsamheten-i-livsmedelsindustrin-dagligvaruhandeln-och-dess-grossister\/\">28 procent<\/a>. \u00c4ven under 2025 har matpriserna stigit mer \u00e4n inflationstakten, och har fortsatt att stiga i <a class=\"external-link\" rel=\"noreferrer noopener nofollow\" target=\"_blank\" href=\"https:\/\/www.scb.se\/pressmeddelande\/matpriserna-steg-igen-i-oktober\/\">oktober<\/a>. <\/p>\n<p>Nina J\u00f6nsson, vd f\u00f6r koncernen Ica-gruppen d\u00e4r bland annat Ica Sverige med Icas alla matbutiker ing\u00e5r, tycker inte att konsumenterna ska v\u00e4nja sig vid att matpriserna stiger mer \u00e4n andra priser. Hon menar att \u00f6kningstakten f\u00f6r matpriserna \u00e4r p\u00e5 v\u00e4g ner.<\/p>\n<p>\u201dSen h\u00e4nder det saker i v\u00e4rlden. Det \u00e4r krig och extremv\u00e4der, och vi vet inte hur svenska kronan kommer att utvecklas\u201d, s\u00e4ger Nina J\u00f6nsson.<\/p>\n<p>Sedan matpriserna \u00f6kade kraftigt under 2022 har de stora dagligvaruf\u00f6retagen Ica, Axfood och Coop kritiserats f\u00f6r obefogade prish\u00f6jningar \u2013 som inte kan f\u00f6rklaras av exempelvis inflation eller \u00f6kade kostnader \u2013 samt f\u00f6r stora vinster. Ica Maxi, som best\u00e5r av knappt hundra butiker, delade ut en miljard till sina \u00e4gare under 2024.<\/p>\n<p><strong>\u00c4r det rimligt?<\/strong><\/p>\n<p>\u201dJa, det \u00e4r v\u00e4ldigt viktigt att vi har l\u00f6nsamma butiker\u201d, s\u00e4ger Nina J\u00f6nsson. Hon forts\u00e4tter:<\/p>\n<p>\u201dAlla de butikerna som \u00e4r mest framg\u00e5ngsrika m\u00f6ter sina st\u00f6rsta konkurrenter vid samma parkering. Ica-systemet vilar p\u00e5 att vi har \u201dSverige-runt-pris\u201d. Vi beh\u00f6ver n\u00e5gra stora butiker som g\u00e5r bra f\u00f6r att vi ska kunna ha samma pris in till alla butiker. Vi har ju 181 butiker som har ett negativt resultat, s\u00e5 det \u00e4r inte l\u00e5ngt ifr\u00e5n alla som \u00e4r v\u00e4ldigt framg\u00e5ngsrika.\u201d<\/p>\n<p>Nina J\u00f6nsson s\u00e4ger att hon f\u00f6rst\u00e5r att vinsterna f\u00f6r de mest framg\u00e5ngsrika Ica-butikerna kan sticka i \u00f6gonen. <\/p>\n<p>\u201dMen de delar med sig h\u00e4lften av sitt resultat tillbaka till Ica f\u00f6r att vi ska kunna investera\u201d, s\u00e4ger Nina J\u00f6nsson. <\/p>\n<p>Kritik mot bristande konkurrens<\/p>\n<p>P\u00e5 uppdrag av regeringen har <a class=\"external-link\" rel=\"noreferrer noopener nofollow\" target=\"_blank\" href=\"https:\/\/www.konkurrensverket.se\/informationsmaterial\/rapportlista\/lonsamheten-i-livsmedelsindustrin-dagligvaruhandeln-och-dess-grossister\/\">Konkurrensverket<\/a> granskat konkurrensf\u00f6rh\u00e5llandena i livsmedelskedjan. F\u00f6r perioden 2022-2023 drar myndigheten slutsatsen att priserna p\u00e5 basvaror steg mer \u00e4n kostnaderna, och att \u201dpriserna hade kunnat vara l\u00e4gre om konkurrenstrycket hade varit h\u00e5rdare\u201d. <\/p>\n<p>Nina J\u00f6nsson tycker inte att n\u00e5gon del av prish\u00f6jningarna p\u00e5 mat under senare \u00e5r beror p\u00e5 att konkurrensen brister. <\/p>\n<p>\u201dHar vi gjort otillb\u00f6rliga prish\u00f6jningar? Nej, det har vi inte\u201d, s\u00e4ger Nina J\u00f6nsson.<\/p>\n<p>Hon tycker snarare att det \u00e4r v\u00e4ldigt h\u00e5rd konkurrens i dagligvaruhandeln. <\/p>\n<p><strong>Du sa att ingenting av prish\u00f6jningarna beror p\u00e5 att konkurrensen inte fungerar. Menar du att den h\u00e4r marknaden \u00e4r perfekt?<\/strong> <\/p>\n<p>\u201dDet \u00e4r h\u00e5rd konkurrens p\u00e5 marknaden\u201d, s\u00e4ger Nina J\u00f6nsson. <\/p>\n<p>Lovar s\u00e4nkta matpriser<\/p>\n<p>Fr\u00e5n den 1 april 2026 <a class=\"external-link\" rel=\"noreferrer noopener nofollow\" target=\"_blank\" href=\"https:\/\/www.regeringen.se\/pressmeddelanden\/2025\/09\/matprispaket-for-billigare-matkassar\/\">s\u00e4nks matmomsen tillf\u00e4lligt<\/a> till sex procent, en reform som kostar n\u00e4ra 16 miljarder n\u00e4sta \u00e5r.<\/p>\n<p><strong>Kan du lova att matpriserna i Ica-butikerna s\u00e4nks motsvarande matmomsen fr\u00e5n 1 april?<\/strong><\/p>\n<p>\u201cAbsolut kommer vi att g\u00f6ra den skattes\u00e4nkningen. Tittar man p\u00e5 n\u00e4r man f\u00f6rra g\u00e5ngen gjorde en momss\u00e4nkning. Riksrevisionsverket gjorde en <a class=\"external-link\" rel=\"noreferrer noopener nofollow\" target=\"_blank\" href=\"https:\/\/www.riksrevisionen.se\/granskningar\/granskningsrapporter\/2018\/nedsatt-moms-pa-livsmedel---priseffekt-fordelningsprofil-och-kostnadseffektivitet.html\">utredning p\u00e5 det 2018<\/a> och konstaterade att hela s\u00e4nkningen genomf\u00f6rdes. S\u00e5 jag har inget sk\u00e4l att tro att det inte skulle h\u00e4nda den h\u00e4r g\u00e5ngen\u201d, s\u00e4ger Nina J\u00f6nsson.\u00a0<\/p>\n<p><strong>Kan du ocks\u00e5 lova att den h\u00e4r s\u00e4nkningen av matmomsen f\u00f6rs \u00f6ver fullt ut till kunderna ocks\u00e5 l\u00e4ngre fram? Allts\u00e5 n\u00e4r uppm\u00e4rksamheten kring detta kanske inte \u00e4r lika stor. S\u00e4g den 1 april 2027.\u00a0<\/strong><\/p>\n<p>\u201dJa, absolut\u201d, svarar Nina J\u00f6nsson.<\/p>\n<p>Inf\u00f6r s\u00e4nkningen av matmomsen har <a class=\"external-link\" rel=\"noreferrer noopener nofollow\" target=\"_blank\" href=\"https:\/\/www.vansterpartiet.se\/nyheter\/vansterpartiet-foreslar-prisgaranti-momssankningen-ska-markas-i-kassan\/\">V\u00e4nsterpartiet<\/a> varnat f\u00f6r att butikerna f\u00f6rst kommer smygh\u00f6ja priserna, och sedan s\u00e4nka dem n\u00e4r momsen s\u00e4nks. Nina J\u00f6nsson avf\u00e4rdar den risken.\u00a0<\/p>\n<p>\u201cVi har ju inga s\u00e5na planer. Det finns ju \u00e4ven regleringar som reglerar detta, att man inte kan agera s\u00e5. Sen f\u00f6rv\u00e4ntar vi oss att producenterna inte g\u00f6r n\u00e5gra prish\u00f6jningar precis innan den h\u00e4r momss\u00e4nkningen sker\u201d, s\u00e4ger hon. <\/p>\n<p>Dagligvaruhandeln p\u00e5verkas ocks\u00e5 av den kommande s\u00e4nkning av <a class=\"external-link\" rel=\"noreferrer noopener nofollow\" target=\"_blank\" href=\"https:\/\/www.regeringen.se\/rattsliga-dokument\/departementsserien-och-promemorior\/2025\/09\/tillfalligt-nedsatta-arbetsgivaravgifter-for-1923-aringar\/\">arbetsgivaravgiften f\u00f6r unga<\/a>. Men om de minskade utgifterna kommer leda till ytterligare s\u00e4nkta matpriser \u00e4r Ica-gruppens vd Nina J\u00f6nsson os\u00e4ker p\u00e5.\u00a0<\/p>\n<p>\u201cDet kan man aldrig s\u00e4g\u201d, s\u00e4ger hon.<\/p>\n<p>\u201dIca-handlarna driver sina egna verksamheter s\u00e5 vi kan inte centralt p\u00e5verka priserna\u201d.\u00a0\u00a0<\/p>\n<p><strong>Det \u00e4r en reform som kostar 6 miljarder. Kommer matpriserna att s\u00e4nkas p\u00e5 grund av det?<\/strong> <\/p>\n<p>\u201dAbsolut kommer det att ge m\u00f6jlighet att kunna s\u00e4nka\u201d, s\u00e4ger Nina J\u00f6nsson.<\/p>\n<p><strong>Programledare:<\/strong> Johar Bendjelloul\u00a0<\/p>\n<p><strong>Kommentator<\/strong>: Knut Kainz Rognerud\u00a0<\/p>\n<p><strong>Producent:<\/strong> Johanna Palmstr\u00f6m\u00a0\u00a0<\/p>\n<p><strong>Tekniker: <\/strong>Jakob Lal\u00e9r\u00a0<\/p>\n<p>Programmet spelades in p\u00e5 f\u00f6rmiddagen den 14 november.<\/p>\n","protected":false},"excerpt":{"rendered":"I Sverige har matpriserna \u00f6kat de senaste \u00e5ren, st\u00f6rst var \u00f6kningen mellan 2021\u20132023 d\u00e5 priset steg med 28&hellip;\n","protected":false},"author":2,"featured_media":81138,"comment_status":"","ping_status":"","sticky":false,"template":"","format":"standard","meta":{"footnotes":""},"categories":[5],"tags":[22,23,2825,2826,2823,26,27,17,21,2828,2824,24,25,28,29,15,16,18,34,31,33,32,30,2827,19,20],"class_list":{"0":"post-81137","1":"post","2":"type-post","3":"status-publish","4":"format-standard","5":"has-post-thumbnail","7":"category-rubriker","8":"tag-breaking-news","9":"tag-breakingnews","10":"tag-ekointervju","11":"tag-ekointervjun","12":"tag-ekots-lrdagsintervju","13":"tag-featured-news","14":"tag-featurednews","15":"tag-headlines","16":"tag-huvudnyheter","17":"tag-interviews","18":"tag-lrdagsintervjun","19":"tag-latest-news","20":"tag-latestnews","21":"tag-main-news","22":"tag-mainnews","23":"tag-news","24":"tag-nyheter","25":"tag-rubriker","26":"tag-se","27":"tag-svenska","28":"tag-sverige","29":"tag-sweden","30":"tag-swedish","31":"tag-swedish-radio","32":"tag-top-stories","33":"tag-topstories"},"share_on_mastodon":{"url":"https:\/\/pubeurope.com\/@se\/115552329603469244","error":""},"_links":{"self":[{"href":"https:\/\/www.europesays.com\/se\/wp-json\/wp\/v2\/posts\/81137","targetHints":{"allow":["GET"]}}],"collection":[{"href":"https:\/\/www.europesays.com\/se\/wp-json\/wp\/v2\/posts"}],"about":[{"href":"https:\/\/www.europesays.com\/se\/wp-json\/wp\/v2\/types\/post"}],"author":[{"embeddable":true,"href":"https:\/\/www.europesays.com\/se\/wp-json\/wp\/v2\/users\/2"}],"replies":[{"embeddable":true,"href":"https:\/\/www.europesays.com\/se\/wp-json\/wp\/v2\/comments?post=81137"}],"version-history":[{"count":0,"href":"https:\/\/www.europesays.com\/se\/wp-json\/wp\/v2\/posts\/81137\/revisions"}],"wp:featuredmedia":[{"embeddable":true,"href":"https:\/\/www.europesays.com\/se\/wp-json\/wp\/v2\/media\/81138"}],"wp:attachment":[{"href":"https:\/\/www.europesays.com\/se\/wp-json\/wp\/v2\/media?parent=81137"}],"wp:term":[{"taxonomy":"category","embeddable":true,"href":"https:\/\/www.europesays.com\/se\/wp-json\/wp\/v2\/categories?post=81137"},{"taxonomy":"post_tag","embeddable":true,"href":"https:\/\/www.europesays.com\/se\/wp-json\/wp\/v2\/tags?post=81137"}],"curies":[{"name":"wp","href":"https:\/\/api.w.org\/{rel}","templated":true}]}}