{"id":81139,"date":"2025-11-15T06:38:13","date_gmt":"2025-11-15T06:38:13","guid":{"rendered":"https:\/\/www.europesays.com\/se\/81139\/"},"modified":"2025-11-15T06:38:13","modified_gmt":"2025-11-15T06:38:13","slug":"netflix-profilen-john-beam-dodad-2","status":"publish","type":"post","link":"https:\/\/www.europesays.com\/se\/81139\/","title":{"rendered":"Netflix-profilen John Beam d\u00f6dad"},"content":{"rendered":"<p>Publicerad 14 nov 2025 kl 22.01Uppdaterad 15 nov kl 02.12<\/p>\n<p>Netflix\u2013profilen John Beam \u00e4r d\u00f6d.<\/p>\n<p>Han blev 66 \u00e5r.<\/p>\n<p>Beam dog efter att ha blivit skjuten p\u00e5 ett campus d\u00e4r han var idrottschef, skriver <a href=\"https:\/\/eu.usatoday.com\/story\/sports\/ncaaf\/2025\/11\/14\/john-beam-shot-laney-college-last-chance-u-netflix-coach-oakland-shooting\/87271521007\/\" rel=\"nofollow noopener\" target=\"_blank\">USA Today<\/a>.<\/p>\n<p>Senaste nyhetsklippen fr\u00e5n Expressen.<img   alt=\"\"\/><\/p>\n<p>Laney Colleges campus i Oakland sp\u00e4rrades av efter skjutningen.<\/p>\n<p>Foto: SANTIAGO MEJIA \/ SAN FRANCISCO CHRONICLE \/ POLARIS POLARIS IMAGES<\/p>\n<p>\u00d6ppna bild i helsk\u00e4rm<\/p>\n<p>John Beam var en f\u00f6re detta fotbollstr\u00e4nare fr\u00e5n Bay Area i Kalifornien som medverkade i <a href=\"https:\/\/www.expressen.se\/tagg\/organization\/netflix\/\" class=\"\" rel=\"nofollow noopener\" target=\"_blank\">Netflix<\/a> dokument\u00e4rserie \u201dLast Chance U\u201d om unga idrottare som k\u00e4mpade f\u00f6r att v\u00e4nda sina liv.<\/p>\n<p>Han blev skjuten i torsdags p\u00e5 Laney Colleges campus i Oakland. Beam var fortfarande skolans idrottschef efter att ha g\u00e5tt i pension som huvudtr\u00e4nare f\u00f6r fotbollslaget f\u00f6rra \u00e5ret.<\/p>\n<p>\u201dVi \u00e4r chockade och f\u00f6rkrossade \u00f6ver att en s\u00e5dan v\u00e5ldsamhet har drabbat v\u00e5rt campus och en av de mest respekterade och \u00e4lskade medlemmarna i v\u00e5r gemenskap\u201d, skrev skolchefen Tammeil Gilkerson i ett meddelande till de anst\u00e4llda efter skjutningen.<\/p>\n<p>Gilkerson beskrev Beam som \u201den framst\u00e5ende tr\u00e4nare, l\u00e4rare, mentor och ledare vars inflytande str\u00e4cker sig l\u00e5ngt utanf\u00f6r idrotten\u201d.<\/p>\n<p>\u201dV\u00e5rt samh\u00e4lle \u00e4r skakat\u201d<\/p>\n<p>Stadens polischef Floyd Mitchell meddelade vid en presskonferens p\u00e5 fredagen att 66-\u00e5rige Beam har d\u00f6tt. En person har gripits f\u00f6r skjutningen.<\/p>\n<p>Oaklands borgm\u00e4stare Barbara Lee kallade Beam, som i \u00f6ver fyra decennier coachade p\u00e5 b\u00e5de junior college- och high school-niv\u00e5, f\u00f6r \u201den gigant\u201d i staden och \u201den livlina f\u00f6r tusentals unga\u201d i ett uttalande p\u00e5 X.<\/p>\n<p>\u201dI \u00f6ver 40 \u00e5r har han format ledare b\u00e5de p\u00e5 och utanf\u00f6r planen, och v\u00e5rt samh\u00e4lle \u00e4r skakat\u201d, skrev Barbara Lee.<\/p>\n","protected":false},"excerpt":{"rendered":"Publicerad 14 nov 2025 kl 22.01Uppdaterad 15 nov kl 02.12 Netflix\u2013profilen John Beam \u00e4r d\u00f6d. Han blev 66&hellip;\n","protected":false},"author":2,"featured_media":81009,"comment_status":"","ping_status":"","sticky":false,"template":"","format":"standard","meta":{"footnotes":""},"categories":[67],"tags":[104,1839,34,31,33,32,30,105],"class_list":{"0":"post-81139","1":"post","2":"type-post","3":"status-publish","4":"format-standard","5":"has-post-thumbnail","7":"category-underhallning","8":"tag-entertainment","9":"tag-organization-netflix","10":"tag-se","11":"tag-svenska","12":"tag-sverige","13":"tag-sweden","14":"tag-swedish","15":"tag-underhallning"},"share_on_mastodon":{"url":"https:\/\/pubeurope.com\/@se\/115552341406891449","error":""},"_links":{"self":[{"href":"https:\/\/www.europesays.com\/se\/wp-json\/wp\/v2\/posts\/81139","targetHints":{"allow":["GET"]}}],"collection":[{"href":"https:\/\/www.europesays.com\/se\/wp-json\/wp\/v2\/posts"}],"about":[{"href":"https:\/\/www.europesays.com\/se\/wp-json\/wp\/v2\/types\/post"}],"author":[{"embeddable":true,"href":"https:\/\/www.europesays.com\/se\/wp-json\/wp\/v2\/users\/2"}],"replies":[{"embeddable":true,"href":"https:\/\/www.europesays.com\/se\/wp-json\/wp\/v2\/comments?post=81139"}],"version-history":[{"count":0,"href":"https:\/\/www.europesays.com\/se\/wp-json\/wp\/v2\/posts\/81139\/revisions"}],"wp:featuredmedia":[{"embeddable":true,"href":"https:\/\/www.europesays.com\/se\/wp-json\/wp\/v2\/media\/81009"}],"wp:attachment":[{"href":"https:\/\/www.europesays.com\/se\/wp-json\/wp\/v2\/media?parent=81139"}],"wp:term":[{"taxonomy":"category","embeddable":true,"href":"https:\/\/www.europesays.com\/se\/wp-json\/wp\/v2\/categories?post=81139"},{"taxonomy":"post_tag","embeddable":true,"href":"https:\/\/www.europesays.com\/se\/wp-json\/wp\/v2\/tags?post=81139"}],"curies":[{"name":"wp","href":"https:\/\/api.w.org\/{rel}","templated":true}]}}