{"id":81151,"date":"2025-11-15T07:06:09","date_gmt":"2025-11-15T07:06:09","guid":{"rendered":"https:\/\/www.europesays.com\/se\/81151\/"},"modified":"2025-11-15T07:06:09","modified_gmt":"2025-11-15T07:06:09","slug":"lagre-priser-nar-matmomsen-sanks","status":"publish","type":"post","link":"https:\/\/www.europesays.com\/se\/81151\/","title":{"rendered":"L\u00e4gre priser n\u00e4r matmomsen s\u00e4nks"},"content":{"rendered":"<p>N\u00e4r matmomsen s\u00e4nks fr\u00e5n 12 till 6 procent senare i v\u00e5r lovar Ica-gruppens vd Nina J\u00f6nsson att priserna p\u00e5 mat ocks\u00e5 sjunker lika mycket. Och de l\u00e4gre priserna kommer att best\u00e5. Det s\u00e4ger hon i Ekots l\u00f6rdagsintervju.<\/p>\n<p>\u2013 Absolut kommer vi g\u00f6ra den skattes\u00e4nkningen. Det \u00e4r v\u00e4ldigt positivt att man satsade s\u00e5 mycket i h\u00f6stbudgeten p\u00e5 konsumtionen, s\u00e4ger hon. <\/p>\n<p>Oppositionen och bed\u00f6mare har varnat f\u00f6r smygh\u00f6jningar i butikerna innan den s\u00e4nkta matmomsen tr\u00e4der i kraft. Risker som J\u00f6nsson avf\u00e4rdar.<\/p>\n<p>Omni \u00e4r politiskt obundna och oberoende. Vi str\u00e4var efter att ge fler perspektiv p\u00e5 nyheterna. Har du fr\u00e5gor eller synpunkter kring v\u00e5r rapportering? <a href=\"https:\/\/omni.se\/ica-chefens-lofte-lagre-priser-nar-matmomsen-sanks\/a\/mailto:redaktion@omni.se\" class=\"ArticleActions_contactLink__W2F1M\" rel=\"nofollow noopener\" target=\"_blank\">Kontakta redaktionen<\/a><\/p>\n","protected":false},"excerpt":{"rendered":"N\u00e4r matmomsen s\u00e4nks fr\u00e5n 12 till 6 procent senare i v\u00e5r lovar Ica-gruppens vd Nina J\u00f6nsson att priserna&hellip;\n","protected":false},"author":2,"featured_media":81152,"comment_status":"","ping_status":"","sticky":false,"template":"","format":"standard","meta":{"footnotes":""},"categories":[65],"tags":[72,1154,70,71,806,1978,3030,328,2487,349,34,31,33,32,30],"class_list":{"0":"post-81151","1":"post","2":"type-post","3":"status-publish","4":"format-standard","5":"has-post-thumbnail","7":"category-ekonomi","8":"tag-business","9":"tag-dagligvaruhandel","10":"tag-economy","11":"tag-ekonomi","12":"tag-finanspolitik","13":"tag-hostbudget","14":"tag-ica","15":"tag-inflation","16":"tag-matpriser","17":"tag-privatekonomi","18":"tag-se","19":"tag-svenska","20":"tag-sverige","21":"tag-sweden","22":"tag-swedish"},"share_on_mastodon":{"url":"https:\/\/pubeurope.com\/@se\/115552451477329601","error":""},"_links":{"self":[{"href":"https:\/\/www.europesays.com\/se\/wp-json\/wp\/v2\/posts\/81151","targetHints":{"allow":["GET"]}}],"collection":[{"href":"https:\/\/www.europesays.com\/se\/wp-json\/wp\/v2\/posts"}],"about":[{"href":"https:\/\/www.europesays.com\/se\/wp-json\/wp\/v2\/types\/post"}],"author":[{"embeddable":true,"href":"https:\/\/www.europesays.com\/se\/wp-json\/wp\/v2\/users\/2"}],"replies":[{"embeddable":true,"href":"https:\/\/www.europesays.com\/se\/wp-json\/wp\/v2\/comments?post=81151"}],"version-history":[{"count":0,"href":"https:\/\/www.europesays.com\/se\/wp-json\/wp\/v2\/posts\/81151\/revisions"}],"wp:featuredmedia":[{"embeddable":true,"href":"https:\/\/www.europesays.com\/se\/wp-json\/wp\/v2\/media\/81152"}],"wp:attachment":[{"href":"https:\/\/www.europesays.com\/se\/wp-json\/wp\/v2\/media?parent=81151"}],"wp:term":[{"taxonomy":"category","embeddable":true,"href":"https:\/\/www.europesays.com\/se\/wp-json\/wp\/v2\/categories?post=81151"},{"taxonomy":"post_tag","embeddable":true,"href":"https:\/\/www.europesays.com\/se\/wp-json\/wp\/v2\/tags?post=81151"}],"curies":[{"name":"wp","href":"https:\/\/api.w.org\/{rel}","templated":true}]}}