{"id":81157,"date":"2025-11-15T07:19:09","date_gmt":"2025-11-15T07:19:09","guid":{"rendered":"https:\/\/www.europesays.com\/se\/81157\/"},"modified":"2025-11-15T07:19:09","modified_gmt":"2025-11-15T07:19:09","slug":"1-900-000-kronor-blev-priset-nar-fastigheten-pa-anestad-3-i-norrkoping-bytte-agare","status":"publish","type":"post","link":"https:\/\/www.europesays.com\/se\/81157\/","title":{"rendered":"1\u00a0900\u00a0000 kronor blev priset n\u00e4r fastigheten p\u00e5 \u00c5nestad 3 i Norrk\u00f6ping bytte \u00e4gare"},"content":{"rendered":"<p> K\u00f6pesumman blev 1\u00a0900\u00a0000 kronor och de nya \u00e4garna tog \u00f6ver marken i november 2025. Tomten \u00e4r 1\u00a0357 kvadratmeter stor.Alldeles i n\u00e4rheten s\u00e5ldes nyligen ett hus, p\u00e5 S\u00e4ckgatan 10. D\u00e4r landade priset p\u00e5 4\u00a0900\u00a0000 kronor f\u00f6r det 173 kvadratmeter stora huset.Se alla lagfarter h\u00e4rUppgifterna i fastighetstexterna kommer fr\u00e5n lantm\u00e4teriet och g\u00e4ller fastigheter d\u00e4r \u00e4garbyte<\/p>\n","protected":false},"excerpt":{"rendered":"K\u00f6pesumman blev 1\u00a0900\u00a0000 kronor och de nya \u00e4garna tog \u00f6ver marken i november 2025. Tomten \u00e4r 1\u00a0357 kvadratmeter&hellip;\n","protected":false},"author":2,"featured_media":81158,"comment_status":"","ping_status":"","sticky":false,"template":"","format":"standard","meta":{"footnotes":""},"categories":[69],"tags":[113,112,34,31,33,32,30],"class_list":{"0":"post-81157","1":"post","2":"type-post","3":"status-publish","4":"format-standard","5":"has-post-thumbnail","7":"category-halsa","8":"tag-halsa","9":"tag-health","10":"tag-se","11":"tag-svenska","12":"tag-sverige","13":"tag-sweden","14":"tag-swedish"},"share_on_mastodon":{"url":"https:\/\/pubeurope.com\/@se\/115552502640849245","error":""},"_links":{"self":[{"href":"https:\/\/www.europesays.com\/se\/wp-json\/wp\/v2\/posts\/81157","targetHints":{"allow":["GET"]}}],"collection":[{"href":"https:\/\/www.europesays.com\/se\/wp-json\/wp\/v2\/posts"}],"about":[{"href":"https:\/\/www.europesays.com\/se\/wp-json\/wp\/v2\/types\/post"}],"author":[{"embeddable":true,"href":"https:\/\/www.europesays.com\/se\/wp-json\/wp\/v2\/users\/2"}],"replies":[{"embeddable":true,"href":"https:\/\/www.europesays.com\/se\/wp-json\/wp\/v2\/comments?post=81157"}],"version-history":[{"count":0,"href":"https:\/\/www.europesays.com\/se\/wp-json\/wp\/v2\/posts\/81157\/revisions"}],"wp:featuredmedia":[{"embeddable":true,"href":"https:\/\/www.europesays.com\/se\/wp-json\/wp\/v2\/media\/81158"}],"wp:attachment":[{"href":"https:\/\/www.europesays.com\/se\/wp-json\/wp\/v2\/media?parent=81157"}],"wp:term":[{"taxonomy":"category","embeddable":true,"href":"https:\/\/www.europesays.com\/se\/wp-json\/wp\/v2\/categories?post=81157"},{"taxonomy":"post_tag","embeddable":true,"href":"https:\/\/www.europesays.com\/se\/wp-json\/wp\/v2\/tags?post=81157"}],"curies":[{"name":"wp","href":"https:\/\/api.w.org\/{rel}","templated":true}]}}