{"id":81172,"date":"2025-11-15T07:40:09","date_gmt":"2025-11-15T07:40:09","guid":{"rendered":"https:\/\/www.europesays.com\/se\/81172\/"},"modified":"2025-11-15T07:40:09","modified_gmt":"2025-11-15T07:40:09","slug":"italien-arbetare-vid-leonardo-protesterar-mot-vapenexport-till-israel","status":"publish","type":"post","link":"https:\/\/www.europesays.com\/se\/81172\/","title":{"rendered":"Italien: Arbetare vid Leonardo protesterar mot vapenexport till Israel"},"content":{"rendered":"<p data-start=\"77\" data-end=\"156\"><strong>UTRIKES FACKLIGT Peti\u00adtion fr\u00e5n f\u00f6rsvarsanst\u00e4llda blir del av st\u00f6rre v\u00e5g av antikrigsprotester.\u00a0Arbetare vid en av Italiens st\u00f6rsta f\u00f6rsvarskoncerner, Leonardo, har \u00f6ppet kr\u00e4vt att f\u00f6retaget stoppar alla leveranser av vapen och milit\u00e4r utrustning till Israel. Initiativet, som drivs genom en namninsamling bland anst\u00e4llda, markerar ett ovanligt och kraftfullt st\u00e4llningstagande inom den italienska f\u00f6rsvarsindustrin.<\/strong><\/p>\n<p data-start=\"486\" data-end=\"773\">I petitionen skriver arbetarna att de inte vill vara delaktiga i d\u00f6dandet av civila i Gaza och anklagar ledningen f\u00f6r indirekt medverkan i den israeliska milit\u00e4roperationen. Fr\u00e5gan har skapat diskussioner inom fackf\u00f6reningarna, men de protesterande arbetarna st\u00e5r fast vid sin linje.<\/p>\n<p data-start=\"775\" data-end=\"1176\">Protesten vid Leonardo \u00e4r en del av en <a href=\"https:\/\/riktpunkt.nu\/2025\/09\/italien-lamslas-av-landsomfattande-strejk-krav-pa-hogre-loner-och-solidaritet-med-palestina\/\" rel=\"nofollow noopener\" target=\"_blank\">bredare antikrigsr\u00f6relse<\/a> som vuxit i Italien det senaste \u00e5ret. Hamn\u00adarbetare i Genua och Livorno har blockerat fartyg lastade med milit\u00e4r utrustning till Israel, och liknande aktioner har genomf\u00f6rts p\u00e5 Pisas flygplats samt p\u00e5 gatorna i Rom. Det folkliga trycket p\u00e5 regeringen \u00f6kar, och kraven p\u00e5 att stoppa allt milit\u00e4rt samarbete med Israel blir allt h\u00f6gre.<\/p>\n<p data-start=\"1178\" data-end=\"1648\">Samtidigt f\u00f6rdjupas den politiska krisen. Italiens premi\u00e4rminister Giorgia Meloni, flera ministrar och Leonardos vd Roberto Cingolani \u00e4r f\u00f6rem\u00e5l f\u00f6r en<a href=\"https:\/\/www.aljazeera.com\/news\/2025\/10\/8\/italys-meloni-says-icc-complaint-accuses-her-of-gaza-genocide-complicity\" rel=\"nofollow noopener\" target=\"_blank\"> officiell anm\u00e4lan till Internationella brottm\u00e5lsdomstolen (ICC)<\/a>, d\u00e4r de anklagas f\u00f6r delaktighet i ett p\u00e5g\u00e5ende folkmord i Gaza. Meloni svarade att Italien inte godk\u00e4nner n\u00e5gra nya exportlicenser till Israel sedan oktober 2023 \u2013 men kritiker menar att tidigare avtal och indirekta fl\u00f6den fortfarande p\u00e5g\u00e5r.<\/p>\n<p data-start=\"1650\" data-end=\"2050\">Folkmordet i Gaza har, har utvecklats till en av 2000-talets d\u00f6dligaste milit\u00e4ra offensiver. Den israeliska operationen har hittills kr\u00e4vt \u00f6ver 65 000 liv, enligt internationella k\u00e4llor. I Italien har dessa siffror bidragit till en v\u00e4xande opinion som kr\u00e4ver att landet erk\u00e4nner Palestina och stoppar allt st\u00f6d till den israeliska milit\u00e4rapparaten.<\/p>\n<p>Ett tydligt uttryck f\u00f6r prolet\u00e4r internationalism i praktiken<\/p>\n<p data-start=\"2097\" data-end=\"2332\">Arbetarnas agerande vid Leonardo \u00e4r ett tydligt uttryck f\u00f6r prolet\u00e4r internationalism i praktiken. N\u00e4r arbetarklassen v\u00e4grar att l\u00e5ta sina h\u00e4nder bli redskap f\u00f6r imperialistiskt v\u00e5ld, d\u00e5 skapas sprickor i kapitalets krigsmaskineri.<\/p>\n<p data-start=\"2334\" data-end=\"2740\">Den italienska staten och dess f\u00f6rsvarsindustri st\u00e5r djupt integrerade i det imperialistiska systemet \u2013 d\u00e4r profiten v\u00e4ger tyngre \u00e4n m\u00e4nniskoliv. Men arbetarna visar h\u00e4r att militarismens hj\u00e4rta inte sl\u00e5r utan deras arbete. Genom att resa sig mot vapenexporten visar de att den verkliga makten inte ligger hos regeringens kabinettsrum, utan hos dem som producerar rikedomarna och, i detta fall, vapnen.<\/p>\n<p data-start=\"2742\" data-end=\"2865\" data-is-last-node=\"\" data-is-only-node=\"\">Detta \u00e4r ett exempel p\u00e5 hur arbetarklassen kan \u2013 och m\u00e5ste \u2013 bli en kraft f\u00f6r fred och antiimperialism under sin egen fana.<\/p>\n<p><a href=\"#\" rel=\"nofollow\" onclick=\"window.print(); return false;\" title=\"Printer Friendly, PDF &amp; Email\"><br \/>\n<img loading=\"lazy\" data-lazyloaded=\"1\" data-placeholder-resp=\"20x20\" width=\"20\" height=\"20\" decoding=\"async\" src=\"https:\/\/www.europesays.com\/se\/wp-content\/uploads\/2025\/09\/printfriendly-icon-md.png\" alt=\"Print Friendly, PDF &amp; Email\" class=\"pf-button-img\" style=\"width: 16px;height: 16px;\"\/>Skriv ut<br \/>\n<\/a><\/p>\n","protected":false},"excerpt":{"rendered":"UTRIKES FACKLIGT Peti\u00adtion fr\u00e5n f\u00f6rsvarsanst\u00e4llda blir del av st\u00f6rre v\u00e5g av antikrigsprotester.\u00a0Arbetare vid en av Italiens st\u00f6rsta f\u00f6rsvarskoncerner,&hellip;\n","protected":false},"author":2,"featured_media":81173,"comment_status":"","ping_status":"","sticky":false,"template":"","format":"standard","meta":{"footnotes":""},"categories":[14],"tags":[22,23,26,27,7438,17,21,2875,692,6164,1389,24,25,28,29,15,16,18,34,1391,7439,31,33,32,30,19,20,237,51,52,53,54],"class_list":{"0":"post-81172","1":"post","2":"type-post","3":"status-publish","4":"format-standard","5":"has-post-thumbnail","7":"category-varlden","8":"tag-breaking-news","9":"tag-breakingnews","10":"tag-featured-news","11":"tag-featurednews","12":"tag-freepalestine","13":"tag-headlines","14":"tag-huvudnyheter","15":"tag-imperialism","16":"tag-italien","17":"tag-kommunister","18":"tag-kommunisterna","19":"tag-latest-news","20":"tag-latestnews","21":"tag-main-news","22":"tag-mainnews","23":"tag-news","24":"tag-nyheter","25":"tag-rubriker","26":"tag-se","27":"tag-skp","28":"tag-solidaritet","29":"tag-svenska","30":"tag-sverige","31":"tag-sweden","32":"tag-swedish","33":"tag-top-stories","34":"tag-topstories","35":"tag-utrikes","36":"tag-varlden","37":"tag-world","38":"tag-world-news","39":"tag-worldnews"},"share_on_mastodon":{"url":"https:\/\/pubeurope.com\/@se\/115552585306167148","error":""},"_links":{"self":[{"href":"https:\/\/www.europesays.com\/se\/wp-json\/wp\/v2\/posts\/81172","targetHints":{"allow":["GET"]}}],"collection":[{"href":"https:\/\/www.europesays.com\/se\/wp-json\/wp\/v2\/posts"}],"about":[{"href":"https:\/\/www.europesays.com\/se\/wp-json\/wp\/v2\/types\/post"}],"author":[{"embeddable":true,"href":"https:\/\/www.europesays.com\/se\/wp-json\/wp\/v2\/users\/2"}],"replies":[{"embeddable":true,"href":"https:\/\/www.europesays.com\/se\/wp-json\/wp\/v2\/comments?post=81172"}],"version-history":[{"count":0,"href":"https:\/\/www.europesays.com\/se\/wp-json\/wp\/v2\/posts\/81172\/revisions"}],"wp:featuredmedia":[{"embeddable":true,"href":"https:\/\/www.europesays.com\/se\/wp-json\/wp\/v2\/media\/81173"}],"wp:attachment":[{"href":"https:\/\/www.europesays.com\/se\/wp-json\/wp\/v2\/media?parent=81172"}],"wp:term":[{"taxonomy":"category","embeddable":true,"href":"https:\/\/www.europesays.com\/se\/wp-json\/wp\/v2\/categories?post=81172"},{"taxonomy":"post_tag","embeddable":true,"href":"https:\/\/www.europesays.com\/se\/wp-json\/wp\/v2\/tags?post=81172"}],"curies":[{"name":"wp","href":"https:\/\/api.w.org\/{rel}","templated":true}]}}