{"id":81193,"date":"2025-11-15T08:30:07","date_gmt":"2025-11-15T08:30:07","guid":{"rendered":"https:\/\/www.europesays.com\/se\/81193\/"},"modified":"2025-11-15T08:30:07","modified_gmt":"2025-11-15T08:30:07","slug":"johanna-skottheim-sjuk-missar-sverigepremiaren","status":"publish","type":"post","link":"https:\/\/www.europesays.com\/se\/81193\/","title":{"rendered":"Johanna Skottheim sjuk \u2013 missar Sverigepremi\u00e4ren"},"content":{"rendered":"<p>Den svenska skidskytten Johanna Skottheim missar l\u00f6rdagens Sverigepremi\u00e4r i skidskytte i Idre, rapporterar Expressen. P\u00e5 Instagram skriver Skottheim att hon har blivit f\u00f6rkyld. <\/p>\n<p>\u201dSjukdomar kommer s\u00e4llan l\u00e4gligt\u201d, skriver hon.<\/p>\n<p>T\u00e4vlingarna drar ig\u00e5ng 10.00. P\u00e5 damsidan startar bland andra Hanna och Elvira \u00d6berg, Anna Magnusson och Ella Halvarsson och bland herrarna \u00e5terfinns Sebastian Samuelsson och Martin Ponsiluoma.<\/p>\n<p>Sverigepremi\u00e4ren \u00e4r genrepet inf\u00f6r v\u00e4rldscupen som drar ig\u00e5ng 29 november.<\/p>\n<p>Omni \u00e4r politiskt obundna och oberoende. Vi str\u00e4var efter att ge fler perspektiv p\u00e5 nyheterna. Har du fr\u00e5gor eller synpunkter kring v\u00e5r rapportering? <a href=\"https:\/\/omni.se\/johanna-skottheim-sjuk-missar-sverigepremiaren\/a\/mailto:redaktion@omni.se\" class=\"ArticleActions_contactLink__W2F1M\" rel=\"nofollow noopener\" target=\"_blank\">Kontakta redaktionen<\/a><\/p>\n","protected":false},"excerpt":{"rendered":"Den svenska skidskytten Johanna Skottheim missar l\u00f6rdagens Sverigepremi\u00e4r i skidskytte i Idre, rapporterar Expressen. P\u00e5 Instagram skriver Skottheim&hellip;\n","protected":false},"author":2,"featured_media":81194,"comment_status":"","ping_status":"","sticky":false,"template":"","format":"standard","meta":{"footnotes":""},"categories":[5],"tags":[7440,22,23,7442,26,27,17,21,7441,24,25,28,29,7443,15,16,18,34,7444,3420,31,33,32,30,19,20],"class_list":{"0":"post-81193","1":"post","2":"type-post","3":"status-publish","4":"format-standard","5":"has-post-thumbnail","7":"category-rubriker","8":"tag-anna-magnusson","9":"tag-breaking-news","10":"tag-breakingnews","11":"tag-ella-halvarsson","12":"tag-featured-news","13":"tag-featurednews","14":"tag-headlines","15":"tag-huvudnyheter","16":"tag-johanna-skottheim","17":"tag-latest-news","18":"tag-latestnews","19":"tag-main-news","20":"tag-mainnews","21":"tag-martin-ponsiluoma","22":"tag-news","23":"tag-nyheter","24":"tag-rubriker","25":"tag-se","26":"tag-sebastian-samuelsson","27":"tag-skidskytte","28":"tag-svenska","29":"tag-sverige","30":"tag-sweden","31":"tag-swedish","32":"tag-top-stories","33":"tag-topstories"},"share_on_mastodon":{"url":"https:\/\/pubeurope.com\/@se\/115552781770597658","error":""},"_links":{"self":[{"href":"https:\/\/www.europesays.com\/se\/wp-json\/wp\/v2\/posts\/81193","targetHints":{"allow":["GET"]}}],"collection":[{"href":"https:\/\/www.europesays.com\/se\/wp-json\/wp\/v2\/posts"}],"about":[{"href":"https:\/\/www.europesays.com\/se\/wp-json\/wp\/v2\/types\/post"}],"author":[{"embeddable":true,"href":"https:\/\/www.europesays.com\/se\/wp-json\/wp\/v2\/users\/2"}],"replies":[{"embeddable":true,"href":"https:\/\/www.europesays.com\/se\/wp-json\/wp\/v2\/comments?post=81193"}],"version-history":[{"count":0,"href":"https:\/\/www.europesays.com\/se\/wp-json\/wp\/v2\/posts\/81193\/revisions"}],"wp:featuredmedia":[{"embeddable":true,"href":"https:\/\/www.europesays.com\/se\/wp-json\/wp\/v2\/media\/81194"}],"wp:attachment":[{"href":"https:\/\/www.europesays.com\/se\/wp-json\/wp\/v2\/media?parent=81193"}],"wp:term":[{"taxonomy":"category","embeddable":true,"href":"https:\/\/www.europesays.com\/se\/wp-json\/wp\/v2\/categories?post=81193"},{"taxonomy":"post_tag","embeddable":true,"href":"https:\/\/www.europesays.com\/se\/wp-json\/wp\/v2\/tags?post=81193"}],"curies":[{"name":"wp","href":"https:\/\/api.w.org\/{rel}","templated":true}]}}