{"id":81197,"date":"2025-11-15T08:46:08","date_gmt":"2025-11-15T08:46:08","guid":{"rendered":"https:\/\/www.europesays.com\/se\/81197\/"},"modified":"2025-11-15T08:46:08","modified_gmt":"2025-11-15T08:46:08","slug":"soligt-men-kallt-vader-vantar-i-helgen-enligt-smhi","status":"publish","type":"post","link":"https:\/\/www.europesays.com\/se\/81197\/","title":{"rendered":"Soligt men kallt v\u00e4der v\u00e4ntar i helgen, enligt SMHI."},"content":{"rendered":"<p>Publicerad 15 nov 2025 kl 09.35Uppdaterad kl 09.42<\/p>\n<p>Brr.<\/p>\n<p>Det blir en solig men kall helg n\u00e4r det str\u00f6mmar ner kall luft fr\u00e5n ryska Kolahalv\u00f6n.<\/p>\n<p>S\u00f6dra Sverige kan f\u00e5 s\u00e4songens f\u00f6rsta sn\u00f6.\u00a0<\/p>\n<p>\u2013 Den mildare luften n\u00e5r inte upp till oss, s\u00e4ger meteorolog Hilda Westberg.<\/p>\n<p><img   alt=\"\"\/><\/p>\n<p>F\u00f6rsta sn\u00f6n kan falla i s\u00f6dra Sverige.<\/p>\n<p>Foto: NILS JAKOBSSON \/ BILDBYR\u00c5N<\/p>\n<p>\u00d6ppna bild i helsk\u00e4rmArtikeln i korthet<\/p>\n<p> Soligt men kallt v\u00e4der v\u00e4ntar i helgen, enligt SMHI.<\/p>\n<p> Den f\u00f6rsta sn\u00f6n kan falla i s\u00f6dra Sverige.<\/p>\n<p> En gul varning \u00e4r utf\u00e4rdad f\u00f6r sn\u00f6 och h\u00e5rd vind i fj\u00e4llen.<\/p>\n<p> Kylan beror p\u00e5 ett h\u00f6gtryck s\u00f6der om Gr\u00f6nland och kall luft fr\u00e5n Ryssland.<\/p>\n<p>Visa mer<\/p>\n<p>Det har varit en ovanligt mild h\u00f6st.<\/p>\n<p>Men nu blir det kallt.\u00a0<\/p>\n<p>G\u00f6taland och Svealand f\u00e5r temperaturer p\u00e5 mellan runt noll och n\u00e5gon enstaka plusgrader b\u00e5de l\u00f6rdag och s\u00f6ndag i helgen, med n\u00e5got h\u00f6gre p\u00e5 V\u00e4stkusten och Gotland. Nattetid kan det krypa ner mot fem minus, enligt meteorolog Hilda Westberg p\u00e5 <a href=\"https:\/\/www.expressen.se\/tagg\/organization\/smhi\/\" class=\"\" rel=\"nofollow noopener\" target=\"_blank\">SMHI<\/a>.\u00a0<\/p>\n<p>\u2013 Till en b\u00f6rjan s\u00e5 har vi en del sol i G\u00f6taland och Svealand, s\u00e4ger hon och forts\u00e4tter:<\/p>\n<p>\u2013 P\u00e5 s\u00f6ndagen passerar en front s\u00f6derut. Det \u00e4r inte j\u00e4ttemycket nederb\u00f6rd men det \u00e4r lite moln som passerar.<\/p>\n<p>Fr\u00e5n Hallands och J\u00f6nk\u00f6pings l\u00e4n och s\u00f6derut f\u00e5r man r\u00e4kna med regnskurar som r\u00f6r sig \u00f6sterut och till kv\u00e4llen ber\u00f6rs \u00e4ven Kalmar, Blekinge, \u00d6land och Gotland.<\/p>\n<p>D\u00e5 kan den f\u00f6rsta sn\u00f6n i s\u00f6dra Sverige falla.\u00a0<\/p>\n<p>\u2013 Det kan vara n\u00e5got litet sn\u00f6inslag ocks\u00e5 p\u00e5 h\u00f6glandet i det, s\u00e4ger Hilda Westberg.<\/p>\n<p>Gul varning\u00a0<\/p>\n<p>Norrut \u00e4r det kallare.<\/p>\n<p>\u2013 I Norrland \u00e4r det lite sm\u00e5besv\u00e4rligt i fj\u00e4llen med sn\u00f6byar som trycker p\u00e5 i v\u00e4stvinden.\u00a0<\/p>\n<p>Vinden \u00e4r upp till h\u00e5rd, och SMHI har utf\u00e4rdat en gul varning i fj\u00e4llkedjan f\u00f6r f\u00f6r sn\u00f6fall i kombination med vind p\u00e5 kalfj\u00e4llet.<\/p>\n<p>\u2013 Sn\u00f6byarna ber\u00f6r ocks\u00e5 inlandet. Det blir str\u00e5k som n\u00e4stan n\u00e5r kusten lokalt, s\u00e4ger Hilda Westberg.\u00a0<\/p>\n<p>Ett l\u00e5gtryck passerar de nordligaste delarna av landet under l\u00f6rdagen. N\u00e4r det har passerat kommer sn\u00f6fallet att avta l\u00e4ngst i norr till s\u00f6ndagen men kan dr\u00f6ja sig kvar i V\u00e4sterbottens l\u00e4n och fj\u00e4llkedjan men i \u00f6vrigt klarnar det upp en del.\u00a0<\/p>\n<p>\u2013 Det blir en del sol. L\u00e4ngst i norr blir det kallt med 15-20 minusgrader, s\u00e4ger Hilda Westberg.\u00a0<\/p>\n<p>Gr\u00f6nlandsblockad\u00a0<\/p>\n<p>F\u00f6rklaringen till k\u00f6ldkn\u00e4ppen \u00e4r ett h\u00f6gtryck som v\u00e4xt till sig \u00f6ver Atlanten, en \u201dGr\u00f6nlandsblockad\u201d f\u00f6r den som vill.\u00a0<\/p>\n<p>\u2013 H\u00f6gtryckets centrum \u00e4r s\u00f6der om Gr\u00f6nland. Det g\u00f6r ju att jetstr\u00f6mmen och l\u00e5gtrycken g\u00e5r p\u00e5 en sydligare bana. De n\u00e5r inte upp till oss med den mildare luften.\u00a0<\/p>\n<p>Samtidigt str\u00f6mmar det ner kall luft fr\u00e5n Ryssland.<\/p>\n<p>\u2013 Det \u00e4r ett l\u00e5gtryck som passerade och la sig \u00f6ver Kolahalv\u00f6n vilket gjorde att det str\u00f6mmade ner kallare luft norrifr\u00e5n som t\u00e4cker hela landet.<\/p>\n<p>\u2013 N\u00e4sta helg ser det mer os\u00e4kert ut. Sen f\u00e5r vi se vad som h\u00e4nder efter det.<\/p>\n<p><a href=\"https:\/\/www.expressen.se\/nyheter\/vader\/halkprognos\/\" rel=\"nofollow noopener\" target=\"_blank\">S\u00c5 HALT \u00c4R DET P\u00c5 V\u00c4GARNA N\u00c4RA DIG<\/a>\u00a0<\/p>\n","protected":false},"excerpt":{"rendered":"Publicerad 15 nov 2025 kl 09.35Uppdaterad kl 09.42 Brr. Det blir en solig men kall helg n\u00e4r det&hellip;\n","protected":false},"author":2,"featured_media":81198,"comment_status":"","ping_status":"","sticky":false,"template":"","format":"standard","meta":{"footnotes":""},"categories":[5],"tags":[22,23,26,27,17,21,24,25,212,28,29,15,16,288,18,34,281,31,33,32,30,19,290,20],"class_list":{"0":"post-81197","1":"post","2":"type-post","3":"status-publish","4":"format-standard","5":"has-post-thumbnail","7":"category-rubriker","8":"tag-breaking-news","9":"tag-breakingnews","10":"tag-featured-news","11":"tag-featurednews","12":"tag-headlines","13":"tag-huvudnyheter","14":"tag-latest-news","15":"tag-latestnews","16":"tag-location-sverige","17":"tag-main-news","18":"tag-mainnews","19":"tag-news","20":"tag-nyheter","21":"tag-organization-smhi","22":"tag-rubriker","23":"tag-se","24":"tag-sections-vader","25":"tag-svenska","26":"tag-sverige","27":"tag-sweden","28":"tag-swedish","29":"tag-top-stories","30":"tag-topic-vaderprognos","31":"tag-topstories"},"share_on_mastodon":{"url":"https:\/\/pubeurope.com\/@se\/115552844688703172","error":""},"_links":{"self":[{"href":"https:\/\/www.europesays.com\/se\/wp-json\/wp\/v2\/posts\/81197","targetHints":{"allow":["GET"]}}],"collection":[{"href":"https:\/\/www.europesays.com\/se\/wp-json\/wp\/v2\/posts"}],"about":[{"href":"https:\/\/www.europesays.com\/se\/wp-json\/wp\/v2\/types\/post"}],"author":[{"embeddable":true,"href":"https:\/\/www.europesays.com\/se\/wp-json\/wp\/v2\/users\/2"}],"replies":[{"embeddable":true,"href":"https:\/\/www.europesays.com\/se\/wp-json\/wp\/v2\/comments?post=81197"}],"version-history":[{"count":0,"href":"https:\/\/www.europesays.com\/se\/wp-json\/wp\/v2\/posts\/81197\/revisions"}],"wp:featuredmedia":[{"embeddable":true,"href":"https:\/\/www.europesays.com\/se\/wp-json\/wp\/v2\/media\/81198"}],"wp:attachment":[{"href":"https:\/\/www.europesays.com\/se\/wp-json\/wp\/v2\/media?parent=81197"}],"wp:term":[{"taxonomy":"category","embeddable":true,"href":"https:\/\/www.europesays.com\/se\/wp-json\/wp\/v2\/categories?post=81197"},{"taxonomy":"post_tag","embeddable":true,"href":"https:\/\/www.europesays.com\/se\/wp-json\/wp\/v2\/tags?post=81197"}],"curies":[{"name":"wp","href":"https:\/\/api.w.org\/{rel}","templated":true}]}}