{"id":81226,"date":"2025-11-15T09:29:24","date_gmt":"2025-11-15T09:29:24","guid":{"rendered":"https:\/\/www.europesays.com\/se\/81226\/"},"modified":"2025-11-15T09:29:24","modified_gmt":"2025-11-15T09:29:24","slug":"tvaariga-dottern-gloms-i-bil-i-film-father-prisas","status":"publish","type":"post","link":"https:\/\/www.europesays.com\/se\/81226\/","title":{"rendered":"Tv\u00e5\u00e5riga dottern gl\u00f6ms i bil i film \u2013 \u201dFather\u201d prisas"},"content":{"rendered":"<p>Publicerad 14 nov 2025 kl 19.10<\/p>\n<p>Stockholms filmfestival delar ut den 7,3 kilo tunga bronsh\u00e4sten f\u00f6r b\u00e4sta film till det svartsynta dramat \u201dFather\u201d.<\/p>\n<p>Filmen som \u00e4r Sloveniens Oscarsbidrag handlar om en pappa som gl\u00f6mmer sin tv\u00e5\u00e5riga dotter i en varm bil och de konsekvenser som f\u00f6ljer.<\/p>\n<p>\u201dDenna orubbliga ber\u00e4ttelse \u2013 inspirerad av verkliga h\u00e4ndelser \u2013 bjuder in oss i en familjs kollaps, och erbjuder en f\u00f6rkrossande studie i skuld och f\u00f6rl\u00e5telsens komplexitet\u201d, skriver juryn i sin motivering.\u00a0<\/p>\n<p>\u201dHuvudrollsinnehavaren levererar en of\u00f6rgl\u00f6mlig realism, och en r\u00e5 s\u00e5rbarhet. Med l\u00e5nga, intensiva tagningar och en kamera som ibland k\u00e4nns som ett tyst vittne, tvingar filmen oss att fr\u00e5ga om syndaf\u00f6rl\u00e5telse \u2013 laglig eller moralisk \u2013 n\u00e5gonsin \u00e4r m\u00f6jlig\u201d, skriver juryn vidare.\u00a0<\/p>\n<p>\u201dFather\u201d vinner \u00e4ven pris f\u00f6r b\u00e4sta manus. Priset f\u00f6r b\u00e4sta regi g\u00e5r till Mascha Schillinski f\u00f6r \u201dSound of falling\u201d och Alexander Skarsg\u00e5rds motspelare i \u201dPillion\u201d, Harry Melling, f\u00e5r priset som b\u00e4sta manliga sk\u00e5despelare.\u00a0<\/p>\n","protected":false},"excerpt":{"rendered":"Publicerad 14 nov 2025 kl 19.10 Stockholms filmfestival delar ut den 7,3 kilo tunga bronsh\u00e4sten f\u00f6r b\u00e4sta film&hellip;\n","protected":false},"author":2,"featured_media":81227,"comment_status":"","ping_status":"","sticky":false,"template":"","format":"standard","meta":{"footnotes":""},"categories":[67],"tags":[104,34,770,31,33,32,30,109,105],"class_list":{"0":"post-81226","1":"post","2":"type-post","3":"status-publish","4":"format-standard","5":"has-post-thumbnail","7":"category-underhallning","8":"tag-entertainment","9":"tag-se","10":"tag-sections-film","11":"tag-svenska","12":"tag-sverige","13":"tag-sweden","14":"tag-swedish","15":"tag-topic-skadespelare","16":"tag-underhallning"},"share_on_mastodon":{"url":"https:\/\/pubeurope.com\/@se\/115553013809482490","error":""},"_links":{"self":[{"href":"https:\/\/www.europesays.com\/se\/wp-json\/wp\/v2\/posts\/81226","targetHints":{"allow":["GET"]}}],"collection":[{"href":"https:\/\/www.europesays.com\/se\/wp-json\/wp\/v2\/posts"}],"about":[{"href":"https:\/\/www.europesays.com\/se\/wp-json\/wp\/v2\/types\/post"}],"author":[{"embeddable":true,"href":"https:\/\/www.europesays.com\/se\/wp-json\/wp\/v2\/users\/2"}],"replies":[{"embeddable":true,"href":"https:\/\/www.europesays.com\/se\/wp-json\/wp\/v2\/comments?post=81226"}],"version-history":[{"count":0,"href":"https:\/\/www.europesays.com\/se\/wp-json\/wp\/v2\/posts\/81226\/revisions"}],"wp:featuredmedia":[{"embeddable":true,"href":"https:\/\/www.europesays.com\/se\/wp-json\/wp\/v2\/media\/81227"}],"wp:attachment":[{"href":"https:\/\/www.europesays.com\/se\/wp-json\/wp\/v2\/media?parent=81226"}],"wp:term":[{"taxonomy":"category","embeddable":true,"href":"https:\/\/www.europesays.com\/se\/wp-json\/wp\/v2\/categories?post=81226"},{"taxonomy":"post_tag","embeddable":true,"href":"https:\/\/www.europesays.com\/se\/wp-json\/wp\/v2\/tags?post=81226"}],"curies":[{"name":"wp","href":"https:\/\/api.w.org\/{rel}","templated":true}]}}