{"id":81302,"date":"2025-11-15T11:13:34","date_gmt":"2025-11-15T11:13:34","guid":{"rendered":"https:\/\/www.europesays.com\/se\/81302\/"},"modified":"2025-11-15T11:13:34","modified_gmt":"2025-11-15T11:13:34","slug":"sverige-klart-for-vm-playoff-i-var","status":"publish","type":"post","link":"https:\/\/www.europesays.com\/se\/81302\/","title":{"rendered":"Sverige klart f\u00f6r VM-playoff i v\u00e5r"},"content":{"rendered":"<p><strong>Sverige spelar VM-playoff i v\u00e5r.<br \/>Detta efter gruppsegern i Nations League och resultat fr\u00e5n de andra gruppvinnarna.<\/strong><\/p>\n<p><img loading=\"lazy\" decoding=\"async\" width=\"1024\" height=\"576\" src=\"https:\/\/www.europesays.com\/se\/wp-content\/uploads\/2025\/11\/potter2-1024x576.jpg\" alt=\"\" class=\"wp-image-331349\"  \/>Foto: Bildbyr\u00e5n<\/p>\n<p><a href=\"https:\/\/fotbolldirekt.se\/landslag\/herrlandslaget\/\" rel=\"nofollow noopener\" target=\"_blank\">Sverige<\/a> har haft det tufft i VM-kvalet och ligger sista efter fyra spelade matcher.<\/p>\n<p>Det har dock funnits en livlina att sig vidare till VM-slutspelet 2026. Detta d\u00e5 Sverige vann sin grupp i Nations Leagues C-division.<\/p>\n<p>De fyra b\u00e4sta l\u00e4nderna som vann sina grupper i Nations League, som inte slutar topp tv\u00e5 i VM-kvalgruppen, tilldelas en playoff-plats.<\/p>\n<p>Under fredagen slog Kroatien F\u00e4r\u00f6arna vilket i sin tur innebar att Tjeckien (vann sin Nations League-grupp) slutar p\u00e5 en andraplats.<\/p>\n<p>Det inneb\u00e4r att <strong>Sverige blir en av de fyra b\u00e4sta<\/strong> gruppettorna i Nations League som inte slutar topp tv\u00e5 sin VM-kvalgrupp och d\u00e4rmed klart f\u00f6r playoff.<\/p>\n<p>De landslag som \u00e4r klarar f\u00f6r VM-playoff just nu \u00e4r Wales, Rum\u00e4nien, Sverige och Nordirland. Playoff-matcherna spelas i mars 2026. D\u00e4r kr\u00e4vs det en seger i semifinal och final f\u00f6r att ta sig till VM-slutspel. <\/p>\n","protected":false},"excerpt":{"rendered":"Sverige spelar VM-playoff i v\u00e5r.Detta efter gruppsegern i Nations League och resultat fr\u00e5n de andra gruppvinnarna. Foto: Bildbyr\u00e5n&hellip;\n","protected":false},"author":2,"featured_media":81303,"comment_status":"","ping_status":"","sticky":false,"template":"","format":"standard","meta":{"footnotes":""},"categories":[5],"tags":[22,23,26,27,17,754,21,24,25,28,29,15,16,18,34,31,33,32,30,19,20],"class_list":{"0":"post-81302","1":"post","2":"type-post","3":"status-publish","4":"format-standard","5":"has-post-thumbnail","7":"category-rubriker","8":"tag-breaking-news","9":"tag-breakingnews","10":"tag-featured-news","11":"tag-featurednews","12":"tag-headlines","13":"tag-huvudblock","14":"tag-huvudnyheter","15":"tag-latest-news","16":"tag-latestnews","17":"tag-main-news","18":"tag-mainnews","19":"tag-news","20":"tag-nyheter","21":"tag-rubriker","22":"tag-se","23":"tag-svenska","24":"tag-sverige","25":"tag-sweden","26":"tag-swedish","27":"tag-top-stories","28":"tag-topstories"},"share_on_mastodon":{"url":"https:\/\/pubeurope.com\/@se\/115553422772146525","error":""},"_links":{"self":[{"href":"https:\/\/www.europesays.com\/se\/wp-json\/wp\/v2\/posts\/81302","targetHints":{"allow":["GET"]}}],"collection":[{"href":"https:\/\/www.europesays.com\/se\/wp-json\/wp\/v2\/posts"}],"about":[{"href":"https:\/\/www.europesays.com\/se\/wp-json\/wp\/v2\/types\/post"}],"author":[{"embeddable":true,"href":"https:\/\/www.europesays.com\/se\/wp-json\/wp\/v2\/users\/2"}],"replies":[{"embeddable":true,"href":"https:\/\/www.europesays.com\/se\/wp-json\/wp\/v2\/comments?post=81302"}],"version-history":[{"count":0,"href":"https:\/\/www.europesays.com\/se\/wp-json\/wp\/v2\/posts\/81302\/revisions"}],"wp:featuredmedia":[{"embeddable":true,"href":"https:\/\/www.europesays.com\/se\/wp-json\/wp\/v2\/media\/81303"}],"wp:attachment":[{"href":"https:\/\/www.europesays.com\/se\/wp-json\/wp\/v2\/media?parent=81302"}],"wp:term":[{"taxonomy":"category","embeddable":true,"href":"https:\/\/www.europesays.com\/se\/wp-json\/wp\/v2\/categories?post=81302"},{"taxonomy":"post_tag","embeddable":true,"href":"https:\/\/www.europesays.com\/se\/wp-json\/wp\/v2\/tags?post=81302"}],"curies":[{"name":"wp","href":"https:\/\/api.w.org\/{rel}","templated":true}]}}