{"id":81311,"date":"2025-11-15T11:30:45","date_gmt":"2025-11-15T11:30:45","guid":{"rendered":"https:\/\/www.europesays.com\/se\/81311\/"},"modified":"2025-11-15T11:30:45","modified_gmt":"2025-11-15T11:30:45","slug":"trump-bryter-med-tunga-profilen-efter-epsteinpress","status":"publish","type":"post","link":"https:\/\/www.europesays.com\/se\/81311\/","title":{"rendered":"Trump bryter med tunga profilen efter Epsteinpress"},"content":{"rendered":"<p><strong>Taylor Greene har<\/strong> l\u00e4nge varit det kanske st\u00f6rsta affischnamnet f\u00f6r Maga, den Trumpst\u00f6djande r\u00f6relsen som \u00f6vers\u00e4tts \u201dG\u00f6r USA stort igen\u201d.<\/p>\n<p>Men nu s\u00e4ger presidenten att representanthusledamoten fr\u00e5n Georgia p\u00e5 sistone bara \u201dgn\u00e4ller, gn\u00e4ller, gn\u00e4ller\u201d, och kallar henne \u201dwacky\u201d (kn\u00e4pp). Aprop\u00e5 att han p\u00e5st\u00e5r sig inte l\u00e4ngre svara n\u00e4r hon ringer skriver Trump att \u201djag kan inte ta dagliga samtal fr\u00e5n en rabblande d\u00e5re\u201d.\u00a0<\/p>\n<p><strong>Hon kontrar med <\/strong>att Trump \u201dljuger om mig\u201d, och att det av allt att d\u00f6ma var sms hon skickade om att sl\u00e4ppa alla Epsteindokument som \u201dblev droppen\u201d f\u00f6r presidenten.<\/p>\n<p>\u201dSj\u00e4lvklart sl\u00e5r han till h\u00e5rt mot mig, f\u00f6r att statuera exempel som skr\u00e4mmer alla andra republikaner inf\u00f6r n\u00e4sta veckas omr\u00f6stning\u201d, skriver hon.<\/p>\n<p><strong>Under den kommande <\/strong>veckan ska USA:s representanthus r\u00f6sta om offentligg\u00f6rande av stora m\u00e4ngder dokument om den d\u00f6mde och numera d\u00f6de sexbrottslingen Jeffrey Epstein.\u00a0<\/p>\n<p>Som tidigare v\u00e4n till Epstein pressas Trump h\u00e5rt om hur mycket han visste om Epsteins \u00f6vergrepp p\u00e5 ton\u00e5rsflickor.<\/p>\n","protected":false},"excerpt":{"rendered":"Taylor Greene har l\u00e4nge varit det kanske st\u00f6rsta affischnamnet f\u00f6r Maga, den Trumpst\u00f6djande r\u00f6relsen som \u00f6vers\u00e4tts \u201dG\u00f6r USA&hellip;\n","protected":false},"author":2,"featured_media":81312,"comment_status":"","ping_status":"","sticky":false,"template":"","format":"standard","meta":{"footnotes":""},"categories":[5],"tags":[22,23,26,27,17,21,24,25,28,29,15,16,18,34,31,33,32,30,19,20],"class_list":{"0":"post-81311","1":"post","2":"type-post","3":"status-publish","4":"format-standard","5":"has-post-thumbnail","7":"category-rubriker","8":"tag-breaking-news","9":"tag-breakingnews","10":"tag-featured-news","11":"tag-featurednews","12":"tag-headlines","13":"tag-huvudnyheter","14":"tag-latest-news","15":"tag-latestnews","16":"tag-main-news","17":"tag-mainnews","18":"tag-news","19":"tag-nyheter","20":"tag-rubriker","21":"tag-se","22":"tag-svenska","23":"tag-sverige","24":"tag-sweden","25":"tag-swedish","26":"tag-top-stories","27":"tag-topstories"},"share_on_mastodon":{"url":"https:\/\/pubeurope.com\/@se\/115553489601862260","error":""},"_links":{"self":[{"href":"https:\/\/www.europesays.com\/se\/wp-json\/wp\/v2\/posts\/81311","targetHints":{"allow":["GET"]}}],"collection":[{"href":"https:\/\/www.europesays.com\/se\/wp-json\/wp\/v2\/posts"}],"about":[{"href":"https:\/\/www.europesays.com\/se\/wp-json\/wp\/v2\/types\/post"}],"author":[{"embeddable":true,"href":"https:\/\/www.europesays.com\/se\/wp-json\/wp\/v2\/users\/2"}],"replies":[{"embeddable":true,"href":"https:\/\/www.europesays.com\/se\/wp-json\/wp\/v2\/comments?post=81311"}],"version-history":[{"count":0,"href":"https:\/\/www.europesays.com\/se\/wp-json\/wp\/v2\/posts\/81311\/revisions"}],"wp:featuredmedia":[{"embeddable":true,"href":"https:\/\/www.europesays.com\/se\/wp-json\/wp\/v2\/media\/81312"}],"wp:attachment":[{"href":"https:\/\/www.europesays.com\/se\/wp-json\/wp\/v2\/media?parent=81311"}],"wp:term":[{"taxonomy":"category","embeddable":true,"href":"https:\/\/www.europesays.com\/se\/wp-json\/wp\/v2\/categories?post=81311"},{"taxonomy":"post_tag","embeddable":true,"href":"https:\/\/www.europesays.com\/se\/wp-json\/wp\/v2\/tags?post=81311"}],"curies":[{"name":"wp","href":"https:\/\/api.w.org\/{rel}","templated":true}]}}