{"id":81315,"date":"2025-11-15T11:40:11","date_gmt":"2025-11-15T11:40:11","guid":{"rendered":"https:\/\/www.europesays.com\/se\/81315\/"},"modified":"2025-11-15T11:40:11","modified_gmt":"2025-11-15T11:40:11","slug":"lackta-dokument-nu-ska-ai-lagen-pausas","status":"publish","type":"post","link":"https:\/\/www.europesays.com\/se\/81315\/","title":{"rendered":"L\u00e4ckta dokument: Nu ska AI-lagen pausas"},"content":{"rendered":"<p><strong>\u00c4ndringarna kommer<\/strong> efter kritik fr\u00e5n flera h\u00e5ll om att EU riskerar att hamna kvar p\u00e5 perrongen n\u00e4r AI-t\u00e5get g\u00e5r i andra delar av v\u00e4rlden, fr\u00e4mst USA och Kina. Men kritik har ocks\u00e5 kommit fr\u00e5n de stora techf\u00f6retagen i USA f\u00f6r att EU f\u00f6rs\u00f6ker begr\u00e4nsa den nya teknikens framfart globalt med alltf\u00f6r restriktiva lagar och regler. \u00a0<\/p>\n<p>Bland f\u00f6rslagen som v\u00e4ntas presenteras under n\u00e4sta vecka finns en paus i den kommande AI-lagstiftningen. I st\u00e4llet f\u00f6r att implementeras 2026 ska \u00f6versyn av s\u00e5 kallad h\u00f6grisk-AI ske f\u00f6rst 2027.<\/p>\n<p><strong>\u00c4ven EU:s <\/strong>dataskyddsf\u00f6rordning GDPR ska ses \u00f6ver och v\u00e4ntas luckras upp f\u00f6r att g\u00f6ra det l\u00e4ttare f\u00f6r techf\u00f6retag att f\u00e5 tillg\u00e5ng till data att bygga tj\u00e4nster p\u00e5.<\/p>\n<p>Kritiker mot de l\u00e4ckta f\u00f6rslagen menar att EU viker sig f\u00f6r USA, vars president Donald Trump varit kritisk mot AI-regleringarna tidigare, och de stora techf\u00f6retagen.<\/p>\n<p><strong>\u201dOm inte EU-kommissionen<\/strong> \u00e4ndrar sig skulle det h\u00e4r vara den st\u00f6rsta retr\u00e4tten vad g\u00e4ller digitala r\u00e4ttigheter i EU:s historia\u201d, skriver \u00f6ver 100 medborgargrupper <a href=\"https:\/\/noyb.eu\/sites\/default\/files\/2025-11\/The%2520EU%2520must%2520uphold%2520hard-won%2520protections%2520for%2520digital%2520human%2520rights.pdf\" rel=\"nofollow noopener\" target=\"_blank\">i ett \u00f6ppet brev<\/a> till kommissionen.\u00a0<\/p>\n<p>\u201dJag kan bekr\u00e4fta till 100 procent att syftet inte \u00e4r att s\u00e4nka den h\u00f6ga integritetsstandarden vi har f\u00f6r v\u00e5ra medborgare\u201d, kontrar Thomas Regnier, talesperson i digitala fr\u00e5gor f\u00f6r EU.<\/p>\n","protected":false},"excerpt":{"rendered":"\u00c4ndringarna kommer efter kritik fr\u00e5n flera h\u00e5ll om att EU riskerar att hamna kvar p\u00e5 perrongen n\u00e4r AI-t\u00e5get&hellip;\n","protected":false},"author":2,"featured_media":81316,"comment_status":"","ping_status":"","sticky":false,"template":"","format":"standard","meta":{"footnotes":""},"categories":[5],"tags":[22,23,26,27,17,21,24,25,28,29,15,16,18,34,31,33,32,30,19,20],"class_list":{"0":"post-81315","1":"post","2":"type-post","3":"status-publish","4":"format-standard","5":"has-post-thumbnail","7":"category-rubriker","8":"tag-breaking-news","9":"tag-breakingnews","10":"tag-featured-news","11":"tag-featurednews","12":"tag-headlines","13":"tag-huvudnyheter","14":"tag-latest-news","15":"tag-latestnews","16":"tag-main-news","17":"tag-mainnews","18":"tag-news","19":"tag-nyheter","20":"tag-rubriker","21":"tag-se","22":"tag-svenska","23":"tag-sverige","24":"tag-sweden","25":"tag-swedish","26":"tag-top-stories","27":"tag-topstories"},"share_on_mastodon":{"url":"https:\/\/pubeurope.com\/@se\/115553528935658739","error":""},"_links":{"self":[{"href":"https:\/\/www.europesays.com\/se\/wp-json\/wp\/v2\/posts\/81315","targetHints":{"allow":["GET"]}}],"collection":[{"href":"https:\/\/www.europesays.com\/se\/wp-json\/wp\/v2\/posts"}],"about":[{"href":"https:\/\/www.europesays.com\/se\/wp-json\/wp\/v2\/types\/post"}],"author":[{"embeddable":true,"href":"https:\/\/www.europesays.com\/se\/wp-json\/wp\/v2\/users\/2"}],"replies":[{"embeddable":true,"href":"https:\/\/www.europesays.com\/se\/wp-json\/wp\/v2\/comments?post=81315"}],"version-history":[{"count":0,"href":"https:\/\/www.europesays.com\/se\/wp-json\/wp\/v2\/posts\/81315\/revisions"}],"wp:featuredmedia":[{"embeddable":true,"href":"https:\/\/www.europesays.com\/se\/wp-json\/wp\/v2\/media\/81316"}],"wp:attachment":[{"href":"https:\/\/www.europesays.com\/se\/wp-json\/wp\/v2\/media?parent=81315"}],"wp:term":[{"taxonomy":"category","embeddable":true,"href":"https:\/\/www.europesays.com\/se\/wp-json\/wp\/v2\/categories?post=81315"},{"taxonomy":"post_tag","embeddable":true,"href":"https:\/\/www.europesays.com\/se\/wp-json\/wp\/v2\/tags?post=81315"}],"curies":[{"name":"wp","href":"https:\/\/api.w.org\/{rel}","templated":true}]}}