{"id":81321,"date":"2025-11-15T11:48:18","date_gmt":"2025-11-15T11:48:18","guid":{"rendered":"https:\/\/www.europesays.com\/se\/81321\/"},"modified":"2025-11-15T11:48:18","modified_gmt":"2025-11-15T11:48:18","slug":"officiellt-lagkaptenen-stannar-i-aik-an-ar-vi-inte-klara","status":"publish","type":"post","link":"https:\/\/www.europesays.com\/se\/81321\/","title":{"rendered":"Officiellt: Lagkaptenen stannar i AIK \u2013 &#8221;\u00c4n \u00e4r vi inte klara&#8221;"},"content":{"rendered":"<p><strong>Jennie Nordin stannar i <a href=\"https:\/\/fotbolldirekt.se\/klubb\/aik-fotboll-damer\/\" rel=\"nofollow noopener\" target=\"_blank\">AIK<\/a>. <br \/>Det meddelar klubben under l\u00f6rdagen. <\/strong><br \/><strong>\u2013 Jag \u00e4lskar att representera AIK och ser fram emot att bygga vidare p\u00e5 det vi har p\u00e5b\u00f6rjat och bidra med det jag kan f\u00f6r att vi ska n\u00e5 v\u00e5ra m\u00e5l. \u00c4n \u00e4r vi inte klara, s\u00e4ger Jennie Nordin via klubbens hemsida. <\/strong><\/p>\n<p><img loading=\"lazy\" decoding=\"async\" width=\"1024\" height=\"576\" src=\"https:\/\/www.europesays.com\/se\/wp-content\/uploads\/2025\/11\/nordin-1024x576.jpg\" alt=\"\" class=\"wp-image-340853\"  \/>Foto: Bildbyr\u00e5n<\/p>\n<p>AIK och Jennie Nordin v\u00e4ljer att f\u00f6rl\u00e4nga lagkaptenens avtal. Det nya avtalet str\u00e4cker sig \u00f6ver s\u00e4songen 2026. <\/p>\n<p>\u2013 Vi \u00e4r otroligt glada att Jennie forts\u00e4tter i AIK. Hon har visat b\u00e5de p\u00e5 och utanf\u00f6r planen vad det inneb\u00e4r att b\u00e4ra kaptensbindeln i den h\u00e4r klubben. Med hennes ledarskap och v\u00e5r gemensamma vilja att ta n\u00e4sta steg, ser vi fram emot ett nytt \u00e5r d\u00e4r AIK ska kliva n\u00e4rmare toppen, AIK Fotbolls sportchef, Zinar Spindari.<\/p>\n<p>Lagkapten och fanb\u00e4rare Jennie Nordin s\u00e4ger f\u00f6ljande om sitt beslut.  <\/p>\n<p>\u2013 Att f\u00f6rl\u00e4nga ett \u00e5r till k\u00e4nns helt r\u00e4tt. Jag \u00e4lskar att representera AIK och ser fram emot att bygga vidare p\u00e5 det vi har p\u00e5b\u00f6rjat och bidra med det jag kan f\u00f6r att vi ska n\u00e5 v\u00e5ra m\u00e5l. \u00c4n \u00e4r vi inte klara, s\u00e4ger Jennie Nordin.<\/p>\n<p>Nordin gjorde AIK-debut under s\u00e4songen 2010 och hon har hittills spelat 173 t\u00e4vlingsmatcher i den svartgula tr\u00f6jan.<\/p>\n","protected":false},"excerpt":{"rendered":"Jennie Nordin stannar i AIK. Det meddelar klubben under l\u00f6rdagen. \u2013 Jag \u00e4lskar att representera AIK och ser&hellip;\n","protected":false},"author":2,"featured_media":81322,"comment_status":"","ping_status":"","sticky":false,"template":"","format":"standard","meta":{"footnotes":""},"categories":[5],"tags":[22,23,26,27,17,21,24,25,28,29,774,15,16,18,34,31,33,32,30,19,20],"class_list":{"0":"post-81321","1":"post","2":"type-post","3":"status-publish","4":"format-standard","5":"has-post-thumbnail","7":"category-rubriker","8":"tag-breaking-news","9":"tag-breakingnews","10":"tag-featured-news","11":"tag-featurednews","12":"tag-headlines","13":"tag-huvudnyheter","14":"tag-latest-news","15":"tag-latestnews","16":"tag-main-news","17":"tag-mainnews","18":"tag-mini-top-block-1","19":"tag-news","20":"tag-nyheter","21":"tag-rubriker","22":"tag-se","23":"tag-svenska","24":"tag-sverige","25":"tag-sweden","26":"tag-swedish","27":"tag-top-stories","28":"tag-topstories"},"share_on_mastodon":{"url":"https:\/\/pubeurope.com\/@se\/115553560571616169","error":""},"_links":{"self":[{"href":"https:\/\/www.europesays.com\/se\/wp-json\/wp\/v2\/posts\/81321","targetHints":{"allow":["GET"]}}],"collection":[{"href":"https:\/\/www.europesays.com\/se\/wp-json\/wp\/v2\/posts"}],"about":[{"href":"https:\/\/www.europesays.com\/se\/wp-json\/wp\/v2\/types\/post"}],"author":[{"embeddable":true,"href":"https:\/\/www.europesays.com\/se\/wp-json\/wp\/v2\/users\/2"}],"replies":[{"embeddable":true,"href":"https:\/\/www.europesays.com\/se\/wp-json\/wp\/v2\/comments?post=81321"}],"version-history":[{"count":0,"href":"https:\/\/www.europesays.com\/se\/wp-json\/wp\/v2\/posts\/81321\/revisions"}],"wp:featuredmedia":[{"embeddable":true,"href":"https:\/\/www.europesays.com\/se\/wp-json\/wp\/v2\/media\/81322"}],"wp:attachment":[{"href":"https:\/\/www.europesays.com\/se\/wp-json\/wp\/v2\/media?parent=81321"}],"wp:term":[{"taxonomy":"category","embeddable":true,"href":"https:\/\/www.europesays.com\/se\/wp-json\/wp\/v2\/categories?post=81321"},{"taxonomy":"post_tag","embeddable":true,"href":"https:\/\/www.europesays.com\/se\/wp-json\/wp\/v2\/tags?post=81321"}],"curies":[{"name":"wp","href":"https:\/\/api.w.org\/{rel}","templated":true}]}}