{"id":81343,"date":"2025-11-15T12:37:27","date_gmt":"2025-11-15T12:37:27","guid":{"rendered":"https:\/\/www.europesays.com\/se\/81343\/"},"modified":"2025-11-15T12:37:27","modified_gmt":"2025-11-15T12:37:27","slug":"eu-pausar-ai-lagstiftning-i-veckan","status":"publish","type":"post","link":"https:\/\/www.europesays.com\/se\/81343\/","title":{"rendered":"EU pausar AI-lagstiftning i veckan"},"content":{"rendered":"<p>EU-kommissionen planerar att l\u00e4tta p\u00e5 flera regler om artificiell intelligens och dataskydd, visar l\u00e4ckta dokument som AFP tagit del av. Bland \u00e4ndringarna finns bland annat en paus i den kommande AI-lagstiftningen och en uppluckring av dataskyddslagen GDPR.<\/p>\n<p>F\u00f6rslaget om \u00e4ndringarna v\u00e4ntas komma n\u00e4sta vecka efter massiv kritik om att EU riskerar att hamna p\u00e5 efterk\u00e4lken i AI-utvecklingen.<\/p>\n<p>Samtidigt kommer kritik mot det l\u00e4ckta f\u00f6rslaget. \u00d6ver 100 medborgargrupper skriver i ett \u00f6ppet brev till kommissionen att en \u00e4ndring vore \u201dden st\u00f6rsta retr\u00e4tten vad g\u00e4ller digitala r\u00e4ttigheter i EU:s historia\u201d, skriver TT.<\/p>\n<p>EU:s talesperson i digitala fr\u00e5gor, Thomas Regnier, s\u00e4ger att \u201dsyftet inte \u00e4r att s\u00e4nka den h\u00f6ga integritetsstandarden vi har f\u00f6r v\u00e5ra medborgare\u201d.<\/p>\n<p>Omni \u00e4r politiskt obundna och oberoende. Vi str\u00e4var efter att ge fler perspektiv p\u00e5 nyheterna. Har du fr\u00e5gor eller synpunkter kring v\u00e5r rapportering? <a href=\"https:\/\/omni.se\/lackt-dokument-eu-pausar-ai-lagstiftning-i-veckan\/a\/mailto:redaktion@omni.se\" class=\"ArticleActions_contactLink__W2F1M\" rel=\"nofollow noopener\" target=\"_blank\">Kontakta redaktionen<\/a><\/p>\n","protected":false},"excerpt":{"rendered":"EU-kommissionen planerar att l\u00e4tta p\u00e5 flera regler om artificiell intelligens och dataskydd, visar l\u00e4ckta dokument som AFP tagit&hellip;\n","protected":false},"author":2,"featured_media":81344,"comment_status":"","ping_status":"","sticky":false,"template":"","format":"standard","meta":{"footnotes":""},"categories":[5],"tags":[466,22,23,333,7464,73,2457,26,27,7463,17,21,334,24,25,28,29,15,16,18,34,31,33,32,30,19,20],"class_list":{"0":"post-81343","1":"post","2":"type-post","3":"status-publish","4":"format-standard","5":"has-post-thumbnail","7":"category-rubriker","8":"tag-artificiell-intelligens","9":"tag-breaking-news","10":"tag-breakingnews","11":"tag-data","12":"tag-dataskyddsforordningen","13":"tag-eu","14":"tag-eu-kommissionen","15":"tag-featured-news","16":"tag-featurednews","17":"tag-gdpr","18":"tag-headlines","19":"tag-huvudnyheter","20":"tag-it-hogteknologi","21":"tag-latest-news","22":"tag-latestnews","23":"tag-main-news","24":"tag-mainnews","25":"tag-news","26":"tag-nyheter","27":"tag-rubriker","28":"tag-se","29":"tag-svenska","30":"tag-sverige","31":"tag-sweden","32":"tag-swedish","33":"tag-top-stories","34":"tag-topstories"},"share_on_mastodon":{"url":"https:\/\/pubeurope.com\/@se\/115553753034358651","error":""},"_links":{"self":[{"href":"https:\/\/www.europesays.com\/se\/wp-json\/wp\/v2\/posts\/81343","targetHints":{"allow":["GET"]}}],"collection":[{"href":"https:\/\/www.europesays.com\/se\/wp-json\/wp\/v2\/posts"}],"about":[{"href":"https:\/\/www.europesays.com\/se\/wp-json\/wp\/v2\/types\/post"}],"author":[{"embeddable":true,"href":"https:\/\/www.europesays.com\/se\/wp-json\/wp\/v2\/users\/2"}],"replies":[{"embeddable":true,"href":"https:\/\/www.europesays.com\/se\/wp-json\/wp\/v2\/comments?post=81343"}],"version-history":[{"count":0,"href":"https:\/\/www.europesays.com\/se\/wp-json\/wp\/v2\/posts\/81343\/revisions"}],"wp:featuredmedia":[{"embeddable":true,"href":"https:\/\/www.europesays.com\/se\/wp-json\/wp\/v2\/media\/81344"}],"wp:attachment":[{"href":"https:\/\/www.europesays.com\/se\/wp-json\/wp\/v2\/media?parent=81343"}],"wp:term":[{"taxonomy":"category","embeddable":true,"href":"https:\/\/www.europesays.com\/se\/wp-json\/wp\/v2\/categories?post=81343"},{"taxonomy":"post_tag","embeddable":true,"href":"https:\/\/www.europesays.com\/se\/wp-json\/wp\/v2\/tags?post=81343"}],"curies":[{"name":"wp","href":"https:\/\/api.w.org\/{rel}","templated":true}]}}