{"id":81347,"date":"2025-11-15T12:45:18","date_gmt":"2025-11-15T12:45:18","guid":{"rendered":"https:\/\/www.europesays.com\/se\/81347\/"},"modified":"2025-11-15T12:45:18","modified_gmt":"2025-11-15T12:45:18","slug":"efter-bottennappet-nu-vantar-nytt-angestmote","status":"publish","type":"post","link":"https:\/\/www.europesays.com\/se\/81347\/","title":{"rendered":"Efter bottennappet &#8211; nu v\u00e4ntar nytt \u00e5ngestm\u00f6te"},"content":{"rendered":"<p><strong>Mot <a href=\"https:\/\/hockeysverige.se\/klubb\/linkoping-hc\/\" rel=\"nofollow noopener\" target=\"_blank\">Link\u00f6ping<\/a> blev det f\u00f6rlust med 1-6. Nu v\u00e4ntar en ny \u00e5ngestmatch f\u00f6r <a href=\"https:\/\/hockeysverige.se\/klubb\/leksands-if\/\" rel=\"nofollow noopener\" target=\"_blank\">Leksand<\/a> \u2013 n\u00e4r de under l\u00f6rdagen g\u00e4star <a href=\"https:\/\/hockeysverige.se\/klubb\/hv71\/\" rel=\"nofollow noopener\" target=\"_blank\">HV71<\/a>, som nu bara \u00e4r en po\u00e4ng bakom masarna.<\/strong><br \/><strong>\u2014 Vi vill spela ett annat spel \u00e4r det vi gjorde. Sedan m\u00e5ste vi vara b\u00e4ttre i v\u00e5ra avv\u00e4gningar, s\u00e4ger Leksands huvudtr\u00e4nare Johan Hedberg till Hockeysverige.se.<\/strong><\/p>\n<p><img loading=\"lazy\" decoding=\"async\" width=\"1024\" height=\"658\" src=\"https:\/\/www.europesays.com\/se\/wp-content\/uploads\/2025\/11\/Hedberg-Leksand-1024x658.webp.webp\" alt=\"\" class=\"wp-image-325671\"  \/>Leksand st\u00e4lls mot HV71 under l\u00f6rdagen.<br \/><strong>Foto<\/strong>: Bildbyr\u00e5n.<\/p>\n<p>Leksand gick in i landslagsuppeh\u00e5llet med en go k\u00e4nsla. Vinst hemma med 2-0 mot d\u00e5 serieledande R\u00f6gle. N\u00e4r SHL startade upp igen stod Link\u00f6ping f\u00f6r motst\u00e5ndet. En trepo\u00e4ngare d\u00e4r och Leksand skulle lyfta i tabellen. Men\u2026 F\u00f6rlust 6-1 och stundtals fullkomligt utspelade.<\/p>\n<p>\u2014 Riktigt bra tycker jag. Bra energi, positivitet och vi fick tillbaka lite spelare, svarar Leksands tr\u00e4nare, Johan Hedberg, d\u00e5 hockeysverige.se fr\u00e5gar honom om vilken k\u00e4nsla han upplevde att laget hade under landslagsuppeh\u00e5llet.<br \/>\u2014 Det k\u00e4ndes j\u00e4ttebra. D\u00e4rf\u00f6r blev jag f\u00f6rv\u00e5nad n\u00e4r resultatet blev som det blev mot Link\u00f6ping.<\/p>\n<p><strong>Kan du ge en rimlig f\u00f6rklaring till varf\u00f6r det s\u00e5g ut som det gjorde i er prestation?<br \/><\/strong>\u2014 Nej, det kan jag inte. Vi slarvade med saker vi vanligtvis inte g\u00f6r. F\u00f6rsta fem minuterna b\u00f6rjade vi bra. Sedan fick dom ett m\u00e5l i \u201dPP\u201d (Powerplay) och vi blev lite sm\u00e5 efter det.<br \/>\u2014 Det \u00e4r inte s\u00e5 karakt\u00e4ristiskt av oss att p\u00e5verkas av s\u00e5dant utan vi brukar bara k\u00f6ra p\u00e5. Andra perioden var inte v\u00e5r hockey alls.<\/p>\n<p>\u201dDet var en missr\u00e4kning\u201d<\/p>\n<p><strong>Fr\u00e5n sidan upplevdes det som att energin var borta.<\/strong><br \/>\u2014 Ja, vi kom inte \u00e5t dom. Vi slarvade mycket med pucken, spr\u00e4tte puckar hit och dit och tog inte ansvar \u00f6ver det. Sedan vart vi fast under l\u00e5nga sekvenser i egen zon d\u00e4r dom tr\u00f6ttade ut oss.<br \/>\u2014 D\u00e5 s\u00e5g det r\u00e4tt illa ut och k\u00e4ndes r\u00e4tt illa att bli s\u00e5 tillbakatryckt. Vi fick inget tryck i spelet. D\u00e4r allt b\u00f6rjade med slarviga puckbeslut och slarviga passningar.<\/p>\n<p><strong>Vad sa ni till varandra inf\u00f6r tredje perioden d\u00e5 ni trots allt stundtals lyfte upp spelet, men \u00e4nd\u00e5 sl\u00e4ppte in en del m\u00e5l?<\/strong><br \/>\u2014 Jag sa till killarna att det positiva var att kunna g\u00e5 ut efter v\u00e5r s\u00e4msta period den h\u00e4r s\u00e4songen och \u00e4nd\u00e5 har en j\u00e4kla bra chans att ta tillbaka den h\u00e4r matchen.<br \/>\u2014 3-1 kom som en invitation till tredje perioden. Jag tycker ocks\u00e5 att vi kom ut till tredje med r\u00e4tt inst\u00e4llning. Vi skapade dock inte dom riktigt heta chanserna, men vi fick tryck p\u00e5 Link\u00f6ping, skapade en utvisning, fick ett powerplay och jag t\u00e4nkte att \u201dnu ska vi peta in den\u201d, men det gick \u00e5t andra h\u00e5llet (4-1) och rid\u00e5.<br \/>\u2014 Det var en missr\u00e4kning, B\u00e5de jag och killarna k\u00e4nde att fanns hopp f\u00f6r tredje perioden, men det gick inte v\u00e5r v\u00e4g.<\/p>\n<p><strong>Vad tar du med dig f\u00f6r positivt fr\u00e5n matchen mot Link\u00f6ping?<br \/><\/strong>\u2014 Jag tror inte vi tar s\u00e5 mycket positivt av den h\u00e4r matchen, faktiskt. Vi har g\u00e5tt igenom lite saker fr\u00e5n matchen och l\u00e4ra oss av det f\u00f6r att sedan stryka den.<br \/>\u2014 Vi vill spela ett annat spel \u00e4r det vi gjorde. Sedan m\u00e5ste vi vara b\u00e4ttre i v\u00e5ra avv\u00e4gningar n\u00e4r vi kan och inte kan g\u00e5 i v\u00e5r forecheck s\u00e5 vi inte bli l\u00e5nga i laget.<\/p>\n<p>Leksand st\u00e4lls mot HV71<\/p>\n<p><strong>Hur mycket bekymrar prestationen mot Link\u00f6ping dig?<br \/><\/strong>\u2014 Prestationen\u2026 Det var inte s\u00e5 att ingen f\u00f6rs\u00f6kte. Det hade varit v\u00e4rre om folk gick ut och inte brydde sig, men det har vi aldrig i det h\u00e4r g\u00e4ngen utan det \u00e4r ett otroligt \u00f6dmjukt och h\u00e5rt jobbande g\u00e4ng.<br \/>\u2014 Killarna kan b\u00e4ttre och vill mer. Jag \u00e4r \u00f6vertygad att dom ocks\u00e5 kommer vara b\u00e4ttre imorgon (l\u00e4s: idag). Det g\u00e4ller att vi f\u00f6ljer v\u00e5r gameplan lite b\u00e4ttre s\u00e5 alla vet vad v\u00e5ra partners kommer g\u00f6ra d\u00e4r ute. Nu blev vi lite \u201dfree basande\u201d p\u00e5 vissa h\u00e5ll och kanter och kom i trubbel p\u00e5 s\u00e5 s\u00e4tt.<\/p>\n<p><img loading=\"lazy\" decoding=\"async\" width=\"1024\" height=\"658\" src=\"https:\/\/www.europesays.com\/se\/wp-content\/uploads\/2025\/11\/hv71-leksand-1024x658.webp.webp\" alt=\"\" class=\"wp-image-250306\"  \/>Leksand och HV71 drabbar samman under l\u00f6rdagen.<br \/>\nFoto: Bildbyr\u00e5n\/Christoffer Cederberg.<\/p>\n<p><strong>Vilka f\u00f6rv\u00e4ntningar har du p\u00e5 m\u00f6tet med HV71?<br \/><\/strong>\u2014 Att vi kommer ut med energi, positivitet och f\u00f6rs\u00f6ker spela v\u00e5rt spel. Oavsett vad som h\u00e4nder i matchen ska vi f\u00f6rs\u00f6ka spela pucken i h\u00f6g fart, intensivt och skapa l\u00e5nga anfall p\u00e5 dom. S\u00e4tta dom under press. Det \u00e4r d\u00e5 vi \u00e4r som b\u00e4st.<\/p>\n<p><strong>Handlar det om att se till er prestation i f\u00f6rsta hand och inte fundera s\u00e5 mycket \u00f6ver hur HV71 kommer att spela?<\/strong><br \/>\u2014 Vi funderar egentligen bara p\u00e5 v\u00e5r prestation. Vi kan bara p\u00e5verka det vi kan p\u00e5verka och det vi g\u00f6r. Vad sedan dom g\u00f6r f\u00e5r bli en frukt av hur vi hanterar matchen. Att dom f\u00e5r anpassa sig efter oss. Det \u00e4r v\u00e5r f\u00f6rhoppning.<br \/>\u2014 Sedan kommer dom s\u00e4kert ha ett annat t\u00e4nk och vill antagligen s\u00e4tta press p\u00e5 oss. Vi f\u00e5r se vem som hanterar det b\u00e4st.<\/p>\n<p>HV71 mot Leksand startar 15.15.<\/p>\n<p> Source: <a href=\"https:\/\/www.eliteprospects.com\/league\/shl\" target=\"_blank\" rel=\"noopener noreferrer nofollow\">SHL League Page<\/a> @ Elite Prospects<\/p>\n","protected":false},"excerpt":{"rendered":"Mot Link\u00f6ping blev det f\u00f6rlust med 1-6. Nu v\u00e4ntar en ny \u00e5ngestmatch f\u00f6r Leksand \u2013 n\u00e4r de under&hellip;\n","protected":false},"author":2,"featured_media":81348,"comment_status":"","ping_status":"","sticky":false,"template":"","format":"standard","meta":{"footnotes":""},"categories":[5],"tags":[22,23,26,27,17,21,24,25,28,29,15,16,18,34,133,134,31,33,32,30,19,20],"class_list":{"0":"post-81347","1":"post","2":"type-post","3":"status-publish","4":"format-standard","5":"has-post-thumbnail","7":"category-rubriker","8":"tag-breaking-news","9":"tag-breakingnews","10":"tag-featured-news","11":"tag-featurednews","12":"tag-headlines","13":"tag-huvudnyheter","14":"tag-latest-news","15":"tag-latestnews","16":"tag-main-news","17":"tag-mainnews","18":"tag-news","19":"tag-nyheter","20":"tag-rubriker","21":"tag-se","22":"tag-second-news","23":"tag-shl","24":"tag-svenska","25":"tag-sverige","26":"tag-sweden","27":"tag-swedish","28":"tag-top-stories","29":"tag-topstories"},"share_on_mastodon":{"url":"https:\/\/pubeurope.com\/@se\/115553784729371990","error":""},"_links":{"self":[{"href":"https:\/\/www.europesays.com\/se\/wp-json\/wp\/v2\/posts\/81347","targetHints":{"allow":["GET"]}}],"collection":[{"href":"https:\/\/www.europesays.com\/se\/wp-json\/wp\/v2\/posts"}],"about":[{"href":"https:\/\/www.europesays.com\/se\/wp-json\/wp\/v2\/types\/post"}],"author":[{"embeddable":true,"href":"https:\/\/www.europesays.com\/se\/wp-json\/wp\/v2\/users\/2"}],"replies":[{"embeddable":true,"href":"https:\/\/www.europesays.com\/se\/wp-json\/wp\/v2\/comments?post=81347"}],"version-history":[{"count":0,"href":"https:\/\/www.europesays.com\/se\/wp-json\/wp\/v2\/posts\/81347\/revisions"}],"wp:featuredmedia":[{"embeddable":true,"href":"https:\/\/www.europesays.com\/se\/wp-json\/wp\/v2\/media\/81348"}],"wp:attachment":[{"href":"https:\/\/www.europesays.com\/se\/wp-json\/wp\/v2\/media?parent=81347"}],"wp:term":[{"taxonomy":"category","embeddable":true,"href":"https:\/\/www.europesays.com\/se\/wp-json\/wp\/v2\/categories?post=81347"},{"taxonomy":"post_tag","embeddable":true,"href":"https:\/\/www.europesays.com\/se\/wp-json\/wp\/v2\/tags?post=81347"}],"curies":[{"name":"wp","href":"https:\/\/api.w.org\/{rel}","templated":true}]}}