{"id":81353,"date":"2025-11-15T12:53:09","date_gmt":"2025-11-15T12:53:09","guid":{"rendered":"https:\/\/www.europesays.com\/se\/81353\/"},"modified":"2025-11-15T12:53:09","modified_gmt":"2025-11-15T12:53:09","slug":"skidskytte-har-gar-strommen-mitt-i-skidskyttesprinten-i-idre","status":"publish","type":"post","link":"https:\/\/www.europesays.com\/se\/81353\/","title":{"rendered":"Skidskytte: H\u00e4r g\u00e5r str\u00f6mmen mitt i skidskyttesprinten i Idre"},"content":{"rendered":"<p>De flesta av topp\u00e5karna i herrarnas sprint, som <a href=\"https:\/\/www.svt.se\/sport\/skidskytte\/samuelssons-dromstart-pa-sasongen-overlagsen-i-sverigepremiaren\" rel=\"nofollow noopener\" target=\"_blank\">vanns av Sebastian Samuelsson<\/a>, hade hunnit g\u00e5 i m\u00e5l n\u00e4r str\u00f6mmen gick p\u00e5 skidstadion i Idre.<\/p>\n<p>\u2013 De fick ju panik med portalerna som \u00e4r luftfyllda och drivs av str\u00f6mmen. S\u00e5 de segnade ihop och lade sig \u00f6ver sp\u00e5ret s\u00e5 de fick ju panik. Men de klarade sig precis, ingen av \u00e5karna blev nog hindrade, s\u00e4ger Bj\u00f6rn Ferry.<\/p>\n<p>Organisationen: \u201d\u201dRegionala n\u00e4tet\u201d<\/p>\n<p>T\u00e4vlingsansvarige Ingemar Arvidsson p\u00e5 Idre Fj\u00e4ll ber\u00e4ttar:<\/p>\n<p>\u2013 Det \u00e4r p\u00e5 det regionala n\u00e4tet i anslutning till n\u00e5got st\u00e4llverk, s\u00e5 det \u00e4r n\u00e5got vi inte kunnat p\u00e5verka \u00f6verhuvudtaget. De har i sin tur b\u00f6rjat utreda vad det beror p\u00e5, f\u00f6r det h\u00e4nder v\u00e4ldigt s\u00e4llan.<\/p>\n<p>T\u00e4vlingen fortsatte dock utan problem n\u00e5gra problem som p\u00e5verkade \u00e5karna. Och efter ungef\u00e4r en kvart var str\u00f6mmen tillbaka.<\/p>\n<p>\u2013 Jag har inte h\u00f6rt det (att n\u00e5gon drabbats). Men jag tror inte det. Vi lyckades h\u00e5lla upp alla portalerna och m\u00e5lportalerna \u00e4r det batteri-backup p\u00e5, s\u00e4ger Arvidsson.<\/p>\n","protected":false},"excerpt":{"rendered":"De flesta av topp\u00e5karna i herrarnas sprint, som vanns av Sebastian Samuelsson, hade hunnit g\u00e5 i m\u00e5l n\u00e4r&hellip;\n","protected":false},"author":2,"featured_media":81354,"comment_status":"","ping_status":"","sticky":false,"template":"","format":"standard","meta":{"footnotes":""},"categories":[5],"tags":[22,23,26,27,17,21,24,25,28,29,15,16,18,34,31,33,32,30,19,20],"class_list":{"0":"post-81353","1":"post","2":"type-post","3":"status-publish","4":"format-standard","5":"has-post-thumbnail","7":"category-rubriker","8":"tag-breaking-news","9":"tag-breakingnews","10":"tag-featured-news","11":"tag-featurednews","12":"tag-headlines","13":"tag-huvudnyheter","14":"tag-latest-news","15":"tag-latestnews","16":"tag-main-news","17":"tag-mainnews","18":"tag-news","19":"tag-nyheter","20":"tag-rubriker","21":"tag-se","22":"tag-svenska","23":"tag-sverige","24":"tag-sweden","25":"tag-swedish","26":"tag-top-stories","27":"tag-topstories"},"share_on_mastodon":{"url":"https:\/\/pubeurope.com\/@se\/115553815943886005","error":""},"_links":{"self":[{"href":"https:\/\/www.europesays.com\/se\/wp-json\/wp\/v2\/posts\/81353","targetHints":{"allow":["GET"]}}],"collection":[{"href":"https:\/\/www.europesays.com\/se\/wp-json\/wp\/v2\/posts"}],"about":[{"href":"https:\/\/www.europesays.com\/se\/wp-json\/wp\/v2\/types\/post"}],"author":[{"embeddable":true,"href":"https:\/\/www.europesays.com\/se\/wp-json\/wp\/v2\/users\/2"}],"replies":[{"embeddable":true,"href":"https:\/\/www.europesays.com\/se\/wp-json\/wp\/v2\/comments?post=81353"}],"version-history":[{"count":0,"href":"https:\/\/www.europesays.com\/se\/wp-json\/wp\/v2\/posts\/81353\/revisions"}],"wp:featuredmedia":[{"embeddable":true,"href":"https:\/\/www.europesays.com\/se\/wp-json\/wp\/v2\/media\/81354"}],"wp:attachment":[{"href":"https:\/\/www.europesays.com\/se\/wp-json\/wp\/v2\/media?parent=81353"}],"wp:term":[{"taxonomy":"category","embeddable":true,"href":"https:\/\/www.europesays.com\/se\/wp-json\/wp\/v2\/categories?post=81353"},{"taxonomy":"post_tag","embeddable":true,"href":"https:\/\/www.europesays.com\/se\/wp-json\/wp\/v2\/tags?post=81353"}],"curies":[{"name":"wp","href":"https:\/\/api.w.org\/{rel}","templated":true}]}}