{"id":81374,"date":"2025-11-15T13:18:13","date_gmt":"2025-11-15T13:18:13","guid":{"rendered":"https:\/\/www.europesays.com\/se\/81374\/"},"modified":"2025-11-15T13:18:13","modified_gmt":"2025-11-15T13:18:13","slug":"en-vecka-fri-fran-vald-i-tibro-besok-av-sommarpratare-valdigt-modig-berattelse-sla-se","status":"publish","type":"post","link":"https:\/\/www.europesays.com\/se\/81374\/","title":{"rendered":"En vecka fri fr\u00e5n v\u00e5ld i Tibro \u2013 bes\u00f6k av sommarpratare: \u201dV\u00e4ldigt modig ber\u00e4ttelse\u201d &#8211; sla.se"},"content":{"rendered":"<ol>\n<li><a href=\"https:\/\/news.google.com\/rss\/articles\/CBMitgFBVV95cUxPTEU0bUFHVXFRZ1VDb1hkaWNFQTZMRmFnY1FnWkR2cXI0SWJVSjBnZU9MWFRlN3Y0aFFXOUUtQzkzNmJYVnMzeG5nWTcyMVhoZzI1a0U2S205SW1Bcms3NWF1X1pxT085UXl2R2o1MUNVTzVsaDhPRUt3NWRJN0Qtd1JhaVVPbEI1UkNwbmEtaGt3aU9WUk02ZEZJN1Q3RVl0QUx6ODdoLUs4RHZDQmpHdlZyZlloZw?oc=5\" target=\"_blank\" rel=\"nofollow noopener\">En vecka fri fr\u00e5n v\u00e5ld i Tibro \u2013 bes\u00f6k av sommarpratare: \u201dV\u00e4ldigt modig ber\u00e4ttelse\u201d<\/a>&nbsp;&nbsp;sla.se<\/li>\n<li><a href=\"https:\/\/news.google.com\/rss\/articles\/CBMinwFBVV95cUxPVF94eGlPTGxiOWd2aWJPMmVCZkdkR3BIdTE0X2JjeWt4cU5nYmhDcl9xSzBNX2J0Vkt4clUzd0kzU3ZWUGF6emZlcWtlSHRXa2FWcV9YTkpoUEFiYVQxSmhvQ29UZUt6YUJ5NFA2cjI3b0NETGRsTjFLeEt1U2ZpT244T1YtUUh4R0R5Y0JCWlZKRU9uRFpYNWtDVVNMTkU?oc=5\" target=\"_blank\" rel=\"nofollow noopener\">Vi uppm\u00e4rksammar v\u00e5ld i n\u00e4ra relationer<\/a>&nbsp;&nbsp;polisen.se<\/li>\n<li><a href=\"https:\/\/news.google.com\/rss\/articles\/CBMihwFBVV95cUxPRmZ5UGJzN0k2d0stdVBNajU2czl1Tk8zMGI4N1FTZC1MMTlBRW43eUhkTlMzQ1gtYmRabWpnWFF5WGxqMEZPVlJzYUFYOGhOUDNKMzdCM0MxeVp4STExeUdxYUczV1M0akx1QlVsd2VoZzRZMVdsbG9qbm00UFlNU0ltMU42UUE?oc=5\" target=\"_blank\" rel=\"nofollow noopener\">De vill lyfta Orange week \u2013 i ett bredare perspektiv<\/a>&nbsp;&nbsp;J\u00f6nk\u00f6pings-Posten<\/li>\n<li><a href=\"https:\/\/news.google.com\/rss\/articles\/CBMijAFBVV95cUxQN0hvd1FSdUtublRNTkVEWkY5ejBVZmRzbFNFdEVvaFRIcGpJamNudHBicFQ3TnFqQ05BNjNXM3dKcC1jU2szNm9yV2dpSVU5NlFRU20tZFE5RHBsd2dOeDhESXRWSktTYnd1X0pSek5jTm9zTDg1czc0M1dZdUZBX0tnS1F4QVgxbzdsLQ?oc=5\" target=\"_blank\" rel=\"nofollow noopener\">En vecka fri fr\u00e5n v\u00e5ld: \u201dV\u00e5ga se och v\u00e5ga fr\u00e5ga\u201d<\/a>&nbsp;&nbsp;Mora Tidning<\/li>\n<li><a href=\"https:\/\/news.google.com\/rss\/articles\/CBMijwFBVV95cUxPTGxsQXBweU8tWi00Um1SX1MyZGw3bUFOX2VmZUJnMF9jbWlzRU1nR0lZZFVvMHczT3ZURGZ6WDhjRmFwbEg1cUJVQ2NDZDJSZVpBSUpYWDkzRW5uUHlYc0FTUWpGUHJzSzhTRk44ckJrUFVNdmp5di0xUXM0NmtYallwa1FfbE5nTWxfY2kyOA?oc=5\" target=\"_blank\" rel=\"nofollow noopener\">En vecka fri fr\u00e5n v\u00e5ld \u2013 Ljusdal engagerar sig<\/a>&nbsp;&nbsp;Ljusdals-Posten<\/li>\n<\/ol>\n","protected":false},"excerpt":{"rendered":"En vecka fri fr\u00e5n v\u00e5ld i Tibro \u2013 bes\u00f6k av sommarpratare: \u201dV\u00e4ldigt modig ber\u00e4ttelse\u201d&nbsp;&nbsp;sla.se Vi uppm\u00e4rksammar v\u00e5ld i&hellip;\n","protected":false},"author":2,"featured_media":81375,"comment_status":"","ping_status":"","sticky":false,"template":"","format":"standard","meta":{"footnotes":""},"categories":[5],"tags":[22,23,26,27,17,21,24,25,28,29,15,16,18,34,31,33,32,30,19,20],"class_list":{"0":"post-81374","1":"post","2":"type-post","3":"status-publish","4":"format-standard","5":"has-post-thumbnail","7":"category-rubriker","8":"tag-breaking-news","9":"tag-breakingnews","10":"tag-featured-news","11":"tag-featurednews","12":"tag-headlines","13":"tag-huvudnyheter","14":"tag-latest-news","15":"tag-latestnews","16":"tag-main-news","17":"tag-mainnews","18":"tag-news","19":"tag-nyheter","20":"tag-rubriker","21":"tag-se","22":"tag-svenska","23":"tag-sverige","24":"tag-sweden","25":"tag-swedish","26":"tag-top-stories","27":"tag-topstories"},"share_on_mastodon":{"url":"https:\/\/pubeurope.com\/@se\/115553914296935694","error":""},"_links":{"self":[{"href":"https:\/\/www.europesays.com\/se\/wp-json\/wp\/v2\/posts\/81374","targetHints":{"allow":["GET"]}}],"collection":[{"href":"https:\/\/www.europesays.com\/se\/wp-json\/wp\/v2\/posts"}],"about":[{"href":"https:\/\/www.europesays.com\/se\/wp-json\/wp\/v2\/types\/post"}],"author":[{"embeddable":true,"href":"https:\/\/www.europesays.com\/se\/wp-json\/wp\/v2\/users\/2"}],"replies":[{"embeddable":true,"href":"https:\/\/www.europesays.com\/se\/wp-json\/wp\/v2\/comments?post=81374"}],"version-history":[{"count":0,"href":"https:\/\/www.europesays.com\/se\/wp-json\/wp\/v2\/posts\/81374\/revisions"}],"wp:featuredmedia":[{"embeddable":true,"href":"https:\/\/www.europesays.com\/se\/wp-json\/wp\/v2\/media\/81375"}],"wp:attachment":[{"href":"https:\/\/www.europesays.com\/se\/wp-json\/wp\/v2\/media?parent=81374"}],"wp:term":[{"taxonomy":"category","embeddable":true,"href":"https:\/\/www.europesays.com\/se\/wp-json\/wp\/v2\/categories?post=81374"},{"taxonomy":"post_tag","embeddable":true,"href":"https:\/\/www.europesays.com\/se\/wp-json\/wp\/v2\/tags?post=81374"}],"curies":[{"name":"wp","href":"https:\/\/api.w.org\/{rel}","templated":true}]}}