{"id":81406,"date":"2025-11-15T14:05:08","date_gmt":"2025-11-15T14:05:08","guid":{"rendered":"https:\/\/www.europesays.com\/se\/81406\/"},"modified":"2025-11-15T14:05:08","modified_gmt":"2025-11-15T14:05:08","slug":"sa-blev-ebba-busch-centerns-hjalte","status":"publish","type":"post","link":"https:\/\/www.europesays.com\/se\/81406\/","title":{"rendered":"S\u00e5 blev Ebba Busch Centerns hj\u00e4lte"},"content":{"rendered":"<p>Viktor Barth-Kron<\/p>\n<p>Publicerad 15 nov 2025 kl 12.50<\/p>\n<p>KARLSTAD. Dr\u00f6mmen om den ganska breda mitten lever, skriver Viktor Barth-Kron.<\/p>\n<p>Detta \u00e4r en kommenterande text. Analys och st\u00e4llningstaganden \u00e4r skribentens.<\/p>\n<p><img   alt=\"\"\/><\/p>\n<p>Den goda st\u00e4mningen \u00e4r till stor del Ebba Buschs f\u00f6rtj\u00e4nst, skriver Viktor Barth-Kron.<\/p>\n<p>Foto: Anders Wiklund\/TT \/ TT NYHETSBYR\u00c5N<\/p>\n<p>\u00d6ppna bild i helsk\u00e4rm<img   alt=\"\"\/>Viktor Barth-Kron<\/p>\n<p>F\u00f6r att vara ett parti som just bytt partiledare f\u00f6r tredje g\u00e5ngen p\u00e5 lika m\u00e5nga \u00e5r \u00e4r st\u00e4mningen p\u00e5 <a href=\"https:\/\/www.expressen.se\/tagg\/organization\/centerpartiet\/\" class=\"\" rel=\"nofollow noopener\" target=\"_blank\">Centerpartiets<\/a> st\u00e4mma p\u00e5tagligt god.<\/p>\n<p>De som ville ha ett klart ja till euron \u00e4r visserligen lite sura \u00f6ver <a href=\"https:\/\/www.sverigesradio.se\/artikel\/centern-vill-utreda-euron-men-inte-verka-for-att-infora-den\" rel=\"nofollow noopener\" target=\"_blank\">utredningskompromissen<\/a>, men som vanligt \u00e4r det inte sakpolitiken som st\u00e5r mest i fokus. Eller ens det egna partiet.<\/p>\n<p><strong>Den goda st\u00e4mningen \u00e4r till stor del Ebba Buschs f\u00f6rtj\u00e4nst.<\/strong><\/p>\n<p>KD-ledarens \u00f6ppning i veckan f\u00f6r samarbeten v\u00e4nsterut har satt den centerpartistiska fantasin i vild r\u00f6relse.<\/p>\n<p>T\u00e4nk om S, C, MP och KD skulle kunna bilda majoritet efter valet \u2013 helt utan V\u00e4nsterpartiet! Eller f\u00f6rresten \u2013 om Liberalerna h\u00e4nger kvar, och KD redan har g\u00e5tt \u00f6ver, d\u00e5 skulle man kanske kunna slippa Milj\u00f6partiet ocks\u00e5..?<\/p>\n<p>Det skulle visserligen fortfarande bli en socialdemokratiskt ledd regering, men den vore onekligen mer borgerlig \u00e4n den r\u00f6dgr\u00f6na allians som hittills sett ut som det enda alternativet.\u00a0<\/p>\n<p><strong>Dr\u00f6mmen om den (ganska) breda mitten lever!<\/strong><\/p>\n<p>Det sv\u00e4nger fort.<\/p>\n<p>N\u00e4r den gamla borgerliga alliansen sprack var det mellan Centerpartiet och Kristdemokraterna som giftpilarna ven som mest.\u00a0<\/p>\n<p>\u201dKl\u00e5pare. Begragare. Quislingar\u201d, <a href=\"https:\/\/www.expressen.se\/nyheter\/loofs-besvikelse-pa-busch-inte-stake\/\" rel=\"nofollow noopener\" target=\"_blank\">sammanfattade<\/a> kristdemokraten <strong>Sara Skyttedal<\/strong>.\u00a0<\/p>\n<p>KD \u201dtvekar mellan liberala v\u00e4rderingar och diktaturfasoner\u201d, <a href=\"https:\/\/www.sverigesradio.se\/artikel\/7214488\" rel=\"nofollow noopener\" target=\"_blank\">ans\u00e5g<\/a> C-toppen <strong>Fredrick Federley<\/strong>.<\/p>\n<p>Inte heller i valet 2022 var st\u00e4mningen p\u00e5 topp. S\u00e4rskilt inte n\u00e4r KD startade \u201d<a href=\"https:\/\/www.altinget.se\/artikel\/kds-nya-bondeforbund-leds-av-fore-detta-c-ledamot\" rel=\"nofollow noopener\" target=\"_blank\">Kristdemokratiska Bondef\u00f6rbundet<\/a>\u201d, med f\u00f6re detta centerpartisten <strong>Staffan Danielsson<\/strong> som ordf\u00f6rande, i uttalat syfte att ta \u00f6ver Centerns klassiska v\u00e4ljarbas.<\/p>\n<p><strong>Men det var d\u00e5 det.<\/strong><\/p>\n<p>Viktor Barth-Kron \u00e4r politisk kommentator p\u00e5 Expressen.<\/p>\n","protected":false},"excerpt":{"rendered":"Viktor Barth-Kron Publicerad 15 nov 2025 kl 12.50 KARLSTAD. Dr\u00f6mmen om den ganska breda mitten lever, skriver Viktor&hellip;\n","protected":false},"author":2,"featured_media":81407,"comment_status":"","ping_status":"","sticky":false,"template":"","format":"standard","meta":{"footnotes":""},"categories":[12],"tags":[22,23,26,27,17,21,24,25,28,29,15,16,1353,874,18,34,1238,31,33,32,30,19,152,20],"class_list":{"0":"post-81406","1":"post","2":"type-post","3":"status-publish","4":"format-standard","5":"has-post-thumbnail","7":"category-sverige","8":"tag-breaking-news","9":"tag-breakingnews","10":"tag-featured-news","11":"tag-featurednews","12":"tag-headlines","13":"tag-huvudnyheter","14":"tag-latest-news","15":"tag-latestnews","16":"tag-main-news","17":"tag-mainnews","18":"tag-news","19":"tag-nyheter","20":"tag-organization-centerpartiet","21":"tag-person-ebba-busch","22":"tag-rubriker","23":"tag-se","24":"tag-sections-viktorbarthkron","25":"tag-svenska","26":"tag-sverige","27":"tag-sweden","28":"tag-swedish","29":"tag-top-stories","30":"tag-topic-inrikespolitik","31":"tag-topstories"},"share_on_mastodon":{"url":"https:\/\/pubeurope.com\/@se\/115554099183370555","error":""},"_links":{"self":[{"href":"https:\/\/www.europesays.com\/se\/wp-json\/wp\/v2\/posts\/81406","targetHints":{"allow":["GET"]}}],"collection":[{"href":"https:\/\/www.europesays.com\/se\/wp-json\/wp\/v2\/posts"}],"about":[{"href":"https:\/\/www.europesays.com\/se\/wp-json\/wp\/v2\/types\/post"}],"author":[{"embeddable":true,"href":"https:\/\/www.europesays.com\/se\/wp-json\/wp\/v2\/users\/2"}],"replies":[{"embeddable":true,"href":"https:\/\/www.europesays.com\/se\/wp-json\/wp\/v2\/comments?post=81406"}],"version-history":[{"count":0,"href":"https:\/\/www.europesays.com\/se\/wp-json\/wp\/v2\/posts\/81406\/revisions"}],"wp:featuredmedia":[{"embeddable":true,"href":"https:\/\/www.europesays.com\/se\/wp-json\/wp\/v2\/media\/81407"}],"wp:attachment":[{"href":"https:\/\/www.europesays.com\/se\/wp-json\/wp\/v2\/media?parent=81406"}],"wp:term":[{"taxonomy":"category","embeddable":true,"href":"https:\/\/www.europesays.com\/se\/wp-json\/wp\/v2\/categories?post=81406"},{"taxonomy":"post_tag","embeddable":true,"href":"https:\/\/www.europesays.com\/se\/wp-json\/wp\/v2\/tags?post=81406"}],"curies":[{"name":"wp","href":"https:\/\/api.w.org\/{rel}","templated":true}]}}