{"id":81410,"date":"2025-11-15T14:09:29","date_gmt":"2025-11-15T14:09:29","guid":{"rendered":"https:\/\/www.europesays.com\/se\/81410\/"},"modified":"2025-11-15T14:09:29","modified_gmt":"2025-11-15T14:09:29","slug":"far-mejl-hela-tiden-om-att-folk-soker-hjalp","status":"publish","type":"post","link":"https:\/\/www.europesays.com\/se\/81410\/","title":{"rendered":"F\u00e5r mejl hela tiden om att folk s\u00f6ker hj\u00e4lp"},"content":{"rendered":"<p>M\u00e5let med filmen \u201dParachute\u201d var att n\u00e5 ut till andra som lider av \u00e4tst\u00f6rningar. Det s\u00e4ger sk\u00e5despelaren och regiss\u00f6ren Brittany Snow till Interview Magazine. 39-\u00e5ringen s\u00e4ger att hon visste att det inte skulle bli n\u00e5gon storfilm, men att den b\u00e4sta komplimangen hon kan f\u00e5 \u00e4r n\u00e4r andra h\u00f6r av sig och s\u00e4ger att skildringen blev tr\u00e4ffs\u00e4ker. <\/p>\n<p>Filmen gjordes i samarbete med Alliance for Eating Disorders, och enligt Snow bekr\u00e4ftar den ideella organisationen att filmen har gjort skillnad. <\/p>\n<p>\u2013 De mejlar mig hela tiden om att folk ringer till deras st\u00f6dlinje. <\/p>\n<p>L\u00e4s hela intervjun via l\u00e4nken nedan. <\/p>\n<p>Under rubriken \u201dIntervjuer\u201d rekommenderar Omni-redaktionen under helgen n\u00e5gra intressanta intervjuer med personer fr\u00e5n flera vitt skilda branscher.<\/p>\n<p>Svepen \u00e4r en del av Omnis helgsatsning med rekommendationer p\u00e5 l\u00e4sv\u00e4rda, aktuella och intressanta recensioner och intervjuer som publiceras varje helg. <\/p>\n<p>Omni \u00e4r politiskt obundna och oberoende. Vi str\u00e4var efter att ge fler perspektiv p\u00e5 nyheterna. Har du fr\u00e5gor eller synpunkter kring v\u00e5r rapportering? <a href=\"https:\/\/omni.se\/snow-far-mejl-hela-tiden-om-att-folk-soker-hjalp\/a\/mailto:redaktion@omni.se\" class=\"ArticleActions_contactLink__W2F1M\" rel=\"nofollow noopener\" target=\"_blank\">Kontakta redaktionen<\/a><\/p>\n","protected":false},"excerpt":{"rendered":"M\u00e5let med filmen \u201dParachute\u201d var att n\u00e5 ut till andra som lider av \u00e4tst\u00f6rningar. Det s\u00e4ger sk\u00e5despelaren och&hellip;\n","protected":false},"author":2,"featured_media":81411,"comment_status":"","ping_status":"","sticky":false,"template":"","format":"standard","meta":{"footnotes":""},"categories":[67],"tags":[104,168,34,31,33,32,30,105],"class_list":{"0":"post-81410","1":"post","2":"type-post","3":"status-publish","4":"format-standard","5":"has-post-thumbnail","7":"category-underhallning","8":"tag-entertainment","9":"tag-film-tv","10":"tag-se","11":"tag-svenska","12":"tag-sverige","13":"tag-sweden","14":"tag-swedish","15":"tag-underhallning"},"share_on_mastodon":{"url":"https:\/\/pubeurope.com\/@se\/115554114814196698","error":""},"_links":{"self":[{"href":"https:\/\/www.europesays.com\/se\/wp-json\/wp\/v2\/posts\/81410","targetHints":{"allow":["GET"]}}],"collection":[{"href":"https:\/\/www.europesays.com\/se\/wp-json\/wp\/v2\/posts"}],"about":[{"href":"https:\/\/www.europesays.com\/se\/wp-json\/wp\/v2\/types\/post"}],"author":[{"embeddable":true,"href":"https:\/\/www.europesays.com\/se\/wp-json\/wp\/v2\/users\/2"}],"replies":[{"embeddable":true,"href":"https:\/\/www.europesays.com\/se\/wp-json\/wp\/v2\/comments?post=81410"}],"version-history":[{"count":0,"href":"https:\/\/www.europesays.com\/se\/wp-json\/wp\/v2\/posts\/81410\/revisions"}],"wp:featuredmedia":[{"embeddable":true,"href":"https:\/\/www.europesays.com\/se\/wp-json\/wp\/v2\/media\/81411"}],"wp:attachment":[{"href":"https:\/\/www.europesays.com\/se\/wp-json\/wp\/v2\/media?parent=81410"}],"wp:term":[{"taxonomy":"category","embeddable":true,"href":"https:\/\/www.europesays.com\/se\/wp-json\/wp\/v2\/categories?post=81410"},{"taxonomy":"post_tag","embeddable":true,"href":"https:\/\/www.europesays.com\/se\/wp-json\/wp\/v2\/tags?post=81410"}],"curies":[{"name":"wp","href":"https:\/\/api.w.org\/{rel}","templated":true}]}}