{"id":81414,"date":"2025-11-15T14:14:35","date_gmt":"2025-11-15T14:14:35","guid":{"rendered":"https:\/\/www.europesays.com\/se\/81414\/"},"modified":"2025-11-15T14:14:35","modified_gmt":"2025-11-15T14:14:35","slug":"kan-vi-hjalpa-i-framtiden-2","status":"publish","type":"post","link":"https:\/\/www.europesays.com\/se\/81414\/","title":{"rendered":"Kan vi hj\u00e4lpa i framtiden?"},"content":{"rendered":"<p>share-arrowDela<\/p>\n<p>unsaveSpara<\/p>\n<p>chevron-leftf\u00f6reg\u00e5endechevron-rightn\u00e4sta83 procent av USA:s bist\u00e5ndsprojekt har lagts ner sedan president Donald Trump flyttade in i Vita huset. P\u00e5 bilden ammar Yagana Bulama sitt barn i ett h\u00e4rb\u00e4rge i nord\u00f6stra Nigeria, d\u00e4r nu nedlagda USAID haft verksamhet.<\/p>\n<p>1 \/ 4Foto: Sunday Alamba\/AP\/TT<\/p>\n<p class=\"hyperion-css-1shl3oz\" data-test-tag=\"lead-text\">Donald Trump hade inte varit president i m\u00e5nga dagar n\u00e4r e-brevet kom: \u201dDu \u00e4r tj\u00e4nstledig\u201d. N\u00e5gra veckor senare sade Dean Karlan, chefsekonom p\u00e5 bist\u00e5ndsmyndigheten USAID, upp sig.<\/p>\n<p class=\"hyperion-css-1shl3oz\" data-test-tag=\"lead-text\">\u2013 Den f\u00f6rst\u00f6rdes, s\u00e4ger han om sin gamla arbetsplats.<\/p>\n<p class=\"hyperion-css-1shl3oz\" data-test-tag=\"lead-text\">Nu arbetar ekonomiprofessorn med en modell f\u00f6r USA:s framtida bist\u00e5nd.<\/p>\n<p class=\"hyperion-css-1v9qo5x\">USA, januari 2025. Donald Trump har svurits in som president och umg\u00e5s t\u00e4tt med entrepren\u00f6ren och techmiljard\u00e4ren Elon Musk. Musk f\u00e5r i uppdrag att leda Doge, ett \u201deffektiviseringsorgan\u201d som ska ska optimera statsapparaten genom fr\u00e4mst nedsk\u00e4rningar.<\/p>\n<p class=\"hyperion-css-1v9qo5x\">Tesla- och Space\u00a0X-grundaren, som spelar golf med presidenten och sk\u00e4mtsamt kallas \u201df\u00f6rste polare\u201d, lovar spara hundratals miljarder statliga dollar.<\/p>\n<p class=\"hyperion-css-1v9qo5x\">USAID blir ett av hans f\u00f6rsta m\u00e5l. 58 h\u00f6gt uppsatta tj\u00e4nstem\u00e4n, bland dem Karlan, f\u00e5r via mejl en helg veta att de arbetsbefriats.<\/p>\n<p class=\"hyperion-css-1v9qo5x\">\u2013 Det ironiska var att jag hade en tj\u00e4nst man inte kan permitteras ifr\u00e5n. Men juristen som kunde ber\u00e4tta f\u00f6r Doge hur man gjorde sig av med mig hade arbetsbefriats, ler han under ett kort Stockholmsbes\u00f6k f\u00f6r h\u00e5llbarhetskonferensen Misum Forum.<\/p>\n<p>\u201dDags att d\u00f6\u201d<\/p>\n<p class=\"hyperion-css-1v9qo5x\">Offentligt hette det att USAID:s bist\u00e5ndsprogram skulle utv\u00e4rderas, att Trumpstyret ville s\u00e4kerst\u00e4lla att de \u201dtj\u00e4nade landets intressen\u201d. Men snart gick det upp f\u00f6r Karlan att Vita huset inte var intresserat av att reformera bist\u00e5ndet. Myndigheten h\u00f6ll p\u00e5 att nedmonteras.<\/p>\n<p class=\"hyperion-css-1v9qo5x\">\u201dUSAID \u00e4r en kriminell organisation, det \u00e4r dags f\u00f6r den att d\u00f6\u201d, skrev Elon Musk p\u00e5 X i februari, efter att myndigheten v\u00e4grat l\u00e4mna \u00f6ver dokument till Doge-personal som inte hade r\u00e4tt s\u00e4kerhetsklass.<\/p>\n<p class=\"hyperion-css-1v9qo5x\">Dean Karlan har i intervjuer ber\u00e4ttat om de sm\u00e4rtsamma veckorna n\u00e4r han ins\u00e5g att kollegor, som vigt sina liv \u00e5t att hj\u00e4lpa andra, utsattes f\u00f6r \u201dpsykologisk krigf\u00f6ring\u201d och fick en kvart p\u00e5 sig att t\u00f6mma sina arbetsplatser. Om insikten att miljontals m\u00e4nniskor v\u00e4rlden \u00f6ver snart skulle st\u00e5 utan st\u00f6d, medicin och utbildning.<\/p>\n<p class=\"hyperion-css-1v9qo5x\">Att m\u00e4nniskor skulle d\u00f6.<\/p>\n<p class=\"hyperion-css-1v9qo5x\">\u2013 De f\u00f6rst\u00f6rde bist\u00e5ndsarbetet och det \u00e4r fortfarande oklart om de har f\u00f6r avsikt att ers\u00e4tta det med n\u00e5got, s\u00e4ger han.<\/p>\n<p class=\"hyperion-css-1v9qo5x\">\u2013 F\u00f6r egen del k\u00e4nde jag att jag kastade bort tid och energi. Det var b\u00e4ttre att jag sade upp mig och jobbade p\u00e5 ett annat s\u00e4tt.<\/p>\n<p>Hj\u00e4lp med planering?<\/p>\n<p class=\"hyperion-css-1v9qo5x\">Utvecklingsekonomen och sociala entrepren\u00f6ren Karlan, som \u00e4r professor i ekonomi vid Northwestern University, hann jobba i drygt tv\u00e5 \u00e5r med att hj\u00e4lpa USAID \u201df\u00e5 mer valuta f\u00f6r pengarna\u201d, som han uttrycker det.<\/p>\n<p class=\"hyperion-css-1v9qo5x\">I praktiken innebar det fr\u00e4mst att applicera forskning om bist\u00e5ndsformer och utv\u00e4rdering av s\u00e5dana p\u00e5 verksamheten.<\/p>\n<p class=\"hyperion-css-1v9qo5x\">Karlan och hans team har bland annat p\u00e5visat att psykosocialt st\u00f6d till familjer som lever i fattigdom \u2013 det vill s\u00e4ga utbildning kring sparande, probleml\u00f6sning och planering \u2013 kan g\u00f6ra lika stor skillnad som hj\u00e4lp med kontanter. P\u00e5 l\u00e4ngre sikt till och med st\u00f6rre.<\/p>\n<p class=\"hyperion-css-1v9qo5x\">\u2013 Att arbeta mer kostnadseffektivt \u00e4r n\u00e5got b\u00e5de republikaner och demokrater vill. D\u00e4r finns ingen partipolitisk konflikt, konstaterar han.<\/p>\n<p class=\"hyperion-css-1v9qo5x\">N\u00e4r Marco Rubio uts\u00e5gs till Donald Trumps utrikesminister blev Dean Karlan till en b\u00f6rjan glad. Rubio understr\u00f6k under sin tid som senator bist\u00e5ndets betydelse, s\u00e5v\u00e4l humanit\u00e4rt som f\u00f6r den nationella s\u00e4kerheten.<\/p>\n<p class=\"hyperion-css-1v9qo5x\">Men s\u00e5 kom p\u00e5budet att alla projekt m\u00e5ste g\u00f6ra USA antingen s\u00e4krare, starkare eller mer framg\u00e5ngsrikt.<\/p>\n<p>Larm p\u00e5 larm<\/p>\n<p class=\"hyperion-css-1v9qo5x\">Nu, n\u00e4r USAID \u00e4r nedlagt och ett litet antal bist\u00e5ndsprojekt och omkring 300 av de drygt 10\u00a0000 anst\u00e4llda flyttats till utrikesdepartementet, har Karlan bytt fokus.<\/p>\n<p class=\"hyperion-css-1v9qo5x\">I\u00a0st\u00e4llet f\u00f6r att betona de f\u00f6rdelar USAID:s arbete gav (fr\u00e5n att h\u00e5lla sjukdomar som ebola i schack till att genom \u201dmjuk makt\u201d s\u00e4kra inflytande i vissa regioner) unders\u00f6ker han och en grupp likt\u00e4nkande hur USA:s framtida bist\u00e5ndsarbete kan se ut.<\/p>\n<p class=\"hyperion-css-1v9qo5x\">\u2013 Jag \u2013 vi \u2013 t\u00e4nker tre, sju, elva \u00e5r in i framtiden. M\u00e5let \u00e4r en plan, ett bist\u00e5ndssystem som b\u00e5de republikaner och demokrater kan skriva under p\u00e5.<\/p>\n<p class=\"hyperion-css-1v9qo5x\">Parallellt haglar larmen om konsekvenserna av det strypta bist\u00e5ndet. FN och hj\u00e4lporgan permitterar personal, vaccinationer st\u00e4lls in, n\u00f6dhj\u00e4lp uteblir.<\/p>\n<p class=\"hyperion-css-1v9qo5x\">I somras varnade forskare i tidskriften The Lancet f\u00f6r att \u00f6ver 14 miljoner av v\u00e4rldens mest utsatta kan d\u00f6 fram till 2030. Och nyligen larmade FN:s livsmedelsprogram WFP om att 14 miljoner m\u00e4nniskor riskerar att hamna i extrem hungersn\u00f6d.<\/p>\n<p class=\"hyperion-css-1v9qo5x\">\u2013 Det \u00e4r absurt att h\u00e4vda att dessa nedsk\u00e4rningar inte orsakar d\u00f6dsfall, s\u00e4ger Dean Karlan.<\/p>\n<p class=\"hyperion-css-1v9qo5x\">Vad h\u00e5ller honom d\u00e5 vaken om n\u00e4tterna?<\/p>\n<p class=\"hyperion-css-1v9qo5x\">\u2013 Det som oroar mig mest \u00e4r huruvida vi f\u00f6rst\u00f6rt v\u00e5ra m\u00f6jligheter att hj\u00e4lpa i framtiden. Jag t\u00e4nker p\u00e5 hur allvarligt skadad v\u00e5r trov\u00e4rdighet \u00e4r.<\/p>\n<p>FAKTAUSAID<\/p>\n<p class=\"hyperion-css-jonaf8\">USAID var USA:s statliga bist\u00e5ndsorgan med kontor i ett 60-tal l\u00e4nder och verksamhet i runt 120 l\u00e4nder.<\/p>\n<p class=\"hyperion-css-jonaf8\">Myndigheten hade \u00f6ver 10\u00a0000 anst\u00e4llda och en budget p\u00e5 42,8 miljarder dollar, motsvarande drygt 400 miljarder kronor, enligt uppgifter fr\u00e5n kongressen. Pengarna var \u00f6ronm\u00e4rkta f\u00f6r b\u00e5de humanit\u00e4rt st\u00f6d och l\u00e5ngsiktiga utvecklingsinsatser.<\/p>\n<p class=\"hyperion-css-jonaf8\">Bist\u00e5ndsorganet nedmonterades och majoriteten av de anst\u00e4llda permitterades kort efter att USA:s nuvarande president Donald Trump tilltr\u00e4dde i januari. 83 procent av bist\u00e5ndsprojekten lades ner, en liten andel flyttades \u00f6ver till utrikesdepartementet.<\/p>\n<p class=\"hyperion-css-jonaf8\">\u201dDe 5\u00a0200 kontrakt som nu har avbrutits har kostat tiotals miljarder dollar p\u00e5 s\u00e4tt som inte gagnat (och i vissa fall skadat) USA:s nationella intressen\u201d, motiverade utrikesminister Marco Rubio beslutet p\u00e5 plattformen X.<\/p>\n<p class=\"hyperion-css-jonaf8\">F\u00f6re nedl\u00e4ggningen beskrevs USAID som v\u00e4rldens st\u00f6rsta bist\u00e5ndsgivare, organet stod f\u00f6r 42 procent av all global finansiering av humanit\u00e4rt bist\u00e5nd, enligt AFP.<\/p>\n<p>L\u00e4s mer<\/p>\n","protected":false},"excerpt":{"rendered":"share-arrowDela unsaveSpara chevron-leftf\u00f6reg\u00e5endechevron-rightn\u00e4sta83 procent av USA:s bist\u00e5ndsprojekt har lagts ner sedan president Donald Trump flyttade in i Vita&hellip;\n","protected":false},"author":2,"featured_media":81415,"comment_status":"","ping_status":"","sticky":false,"template":"","format":"standard","meta":{"footnotes":""},"categories":[5],"tags":[22,23,26,27,17,21,24,25,28,29,15,16,18,34,31,33,32,30,19,20],"class_list":{"0":"post-81414","1":"post","2":"type-post","3":"status-publish","4":"format-standard","5":"has-post-thumbnail","7":"category-rubriker","8":"tag-breaking-news","9":"tag-breakingnews","10":"tag-featured-news","11":"tag-featurednews","12":"tag-headlines","13":"tag-huvudnyheter","14":"tag-latest-news","15":"tag-latestnews","16":"tag-main-news","17":"tag-mainnews","18":"tag-news","19":"tag-nyheter","20":"tag-rubriker","21":"tag-se","22":"tag-svenska","23":"tag-sverige","24":"tag-sweden","25":"tag-swedish","26":"tag-top-stories","27":"tag-topstories"},"share_on_mastodon":{"url":"https:\/\/pubeurope.com\/@se\/115554134507632270","error":""},"_links":{"self":[{"href":"https:\/\/www.europesays.com\/se\/wp-json\/wp\/v2\/posts\/81414","targetHints":{"allow":["GET"]}}],"collection":[{"href":"https:\/\/www.europesays.com\/se\/wp-json\/wp\/v2\/posts"}],"about":[{"href":"https:\/\/www.europesays.com\/se\/wp-json\/wp\/v2\/types\/post"}],"author":[{"embeddable":true,"href":"https:\/\/www.europesays.com\/se\/wp-json\/wp\/v2\/users\/2"}],"replies":[{"embeddable":true,"href":"https:\/\/www.europesays.com\/se\/wp-json\/wp\/v2\/comments?post=81414"}],"version-history":[{"count":0,"href":"https:\/\/www.europesays.com\/se\/wp-json\/wp\/v2\/posts\/81414\/revisions"}],"wp:featuredmedia":[{"embeddable":true,"href":"https:\/\/www.europesays.com\/se\/wp-json\/wp\/v2\/media\/81415"}],"wp:attachment":[{"href":"https:\/\/www.europesays.com\/se\/wp-json\/wp\/v2\/media?parent=81414"}],"wp:term":[{"taxonomy":"category","embeddable":true,"href":"https:\/\/www.europesays.com\/se\/wp-json\/wp\/v2\/categories?post=81414"},{"taxonomy":"post_tag","embeddable":true,"href":"https:\/\/www.europesays.com\/se\/wp-json\/wp\/v2\/tags?post=81414"}],"curies":[{"name":"wp","href":"https:\/\/api.w.org\/{rel}","templated":true}]}}