{"id":81416,"date":"2025-11-15T14:22:10","date_gmt":"2025-11-15T14:22:10","guid":{"rendered":"https:\/\/www.europesays.com\/se\/81416\/"},"modified":"2025-11-15T14:22:10","modified_gmt":"2025-11-15T14:22:10","slug":"sag-en-annan-match-an-tv-tittarna","status":"publish","type":"post","link":"https:\/\/www.europesays.com\/se\/81416\/","title":{"rendered":"S\u00e5g en annan match \u00e4n tv-tittarna"},"content":{"rendered":"<p>Finland dunderfloppade i VM-kvalet och f\u00f6ll med 1-0 mot Malta p\u00e5 hemmaplan. Trots det usla resultatet var Finlands danske f\u00f6rbundskapten Jacob Friis ganska tillfreds.<\/p>\n<p>&#8211; Spelarna gjorde ett str\u00e5lande jobb, riktigt bra. Jag kan inte kr\u00e4va mer. Jag \u00e4r n\u00f6jd med prestationen. Resultatet \u00e4r f\u00f6rst\u00e5s inte det som vi ville ha med oss, sa han enligt Yle.<\/p>\n<p>Friis omd\u00f6me och summering har inte landat v\u00e4l. En som s\u00e5gar bossen \u00e4r Yle-journalisten Mats Ahln\u00e4s.<\/p>\n<p>\u201dHohho? Hall\u00e5? Vad sa du?\u201d, skriver han i en kr\u00f6nika.<\/p>\n<p>Ahln\u00e4s ritkar ocks\u00e5 en saftig k\u00e4nga mot dansken.<\/p>\n<p>\u201dFinland har landat p\u00e5 ett betonggolv och f\u00f6rs\u00f6ker febrilt samla ihop sk\u00e4rvorna av ett folkligt intresse som har g\u00e5tt s\u00f6nder. Spelet \u00e4r underk\u00e4nt, spelarna ser vilsna ut och f\u00f6rbundskaptenen lever i f\u00f6rnekelse\u201d, lyder ett par av raderna.<\/p>\n<p>Mikko Knuuttila och Tatu Myllykoski p\u00e5 tidningen Ilta-Sanomat \u00e4r ocks\u00e5 f\u00f6rv\u00e5nade.<\/p>\n<p>\u201dJacob Friis sa i en intervju med Yle att Finland gjorde sin b\u00e4sta match i VM-kvalmet. Ribban \u00e4r l\u00e5g, men Friis verkade \u00e4nd\u00e5 titta p\u00e5 en annan match \u00e4n tv-tittarna och fansen som var n\u00e4rvarande p\u00e5 Olympiastadion\u201d, skriver i summering av haveriet.<\/p>\n","protected":false},"excerpt":{"rendered":"Finland dunderfloppade i VM-kvalet och f\u00f6ll med 1-0 mot Malta p\u00e5 hemmaplan. Trots det usla resultatet var Finlands&hellip;\n","protected":false},"author":2,"featured_media":81417,"comment_status":"","ping_status":"","sticky":false,"template":"","format":"standard","meta":{"footnotes":""},"categories":[5],"tags":[22,23,26,27,17,21,24,25,28,29,15,16,18,34,31,33,32,30,19,20],"class_list":{"0":"post-81416","1":"post","2":"type-post","3":"status-publish","4":"format-standard","5":"has-post-thumbnail","7":"category-rubriker","8":"tag-breaking-news","9":"tag-breakingnews","10":"tag-featured-news","11":"tag-featurednews","12":"tag-headlines","13":"tag-huvudnyheter","14":"tag-latest-news","15":"tag-latestnews","16":"tag-main-news","17":"tag-mainnews","18":"tag-news","19":"tag-nyheter","20":"tag-rubriker","21":"tag-se","22":"tag-svenska","23":"tag-sverige","24":"tag-sweden","25":"tag-swedish","26":"tag-top-stories","27":"tag-topstories"},"share_on_mastodon":{"url":"https:\/\/pubeurope.com\/@se\/115554165985791749","error":""},"_links":{"self":[{"href":"https:\/\/www.europesays.com\/se\/wp-json\/wp\/v2\/posts\/81416","targetHints":{"allow":["GET"]}}],"collection":[{"href":"https:\/\/www.europesays.com\/se\/wp-json\/wp\/v2\/posts"}],"about":[{"href":"https:\/\/www.europesays.com\/se\/wp-json\/wp\/v2\/types\/post"}],"author":[{"embeddable":true,"href":"https:\/\/www.europesays.com\/se\/wp-json\/wp\/v2\/users\/2"}],"replies":[{"embeddable":true,"href":"https:\/\/www.europesays.com\/se\/wp-json\/wp\/v2\/comments?post=81416"}],"version-history":[{"count":0,"href":"https:\/\/www.europesays.com\/se\/wp-json\/wp\/v2\/posts\/81416\/revisions"}],"wp:featuredmedia":[{"embeddable":true,"href":"https:\/\/www.europesays.com\/se\/wp-json\/wp\/v2\/media\/81417"}],"wp:attachment":[{"href":"https:\/\/www.europesays.com\/se\/wp-json\/wp\/v2\/media?parent=81416"}],"wp:term":[{"taxonomy":"category","embeddable":true,"href":"https:\/\/www.europesays.com\/se\/wp-json\/wp\/v2\/categories?post=81416"},{"taxonomy":"post_tag","embeddable":true,"href":"https:\/\/www.europesays.com\/se\/wp-json\/wp\/v2\/tags?post=81416"}],"curies":[{"name":"wp","href":"https:\/\/api.w.org\/{rel}","templated":true}]}}