{"id":81418,"date":"2025-11-15T14:30:07","date_gmt":"2025-11-15T14:30:07","guid":{"rendered":"https:\/\/www.europesays.com\/se\/81418\/"},"modified":"2025-11-15T14:30:07","modified_gmt":"2025-11-15T14:30:07","slug":"centerpartiet-vill-avkriminalisera-narkotika-i-kroppen","status":"publish","type":"post","link":"https:\/\/www.europesays.com\/se\/81418\/","title":{"rendered":"Centerpartiet vill avkriminalisera narkotika i kroppen"},"content":{"rendered":"<p>En av de mer eldiga debatterna p\u00e5 Centerpartiets partist\u00e4mma p\u00e5 l\u00f6rdagen handlade om den svenska narkotikalagstiftningen. Inom delar av partiet, fr\u00e4mst f\u00f6retr\u00e4dd av CUF och Centerstudenter, k\u00e4mpar man f\u00f6r en legalisering p\u00e5 olika niv\u00e5er, exempelvis f\u00f6r en legalisering av bruk av cannabis.<\/p>\n<p>Huvudsyftet med f\u00f6rslagen i denna riktning s\u00e4gs ofta vara att man hj\u00e4lper m\u00e4nniskor att i h\u00f6gre utstr\u00e4ckning s\u00f6ka v\u00e5rd vid missbruk och att resurser fr\u00e5n polis andra myndigheter frig\u00f6rs. <\/p>\n<p>S\u00e5 l\u00e5ngt som till att legalisera bruk eller innehav av narkotika kom man inte p\u00e5 Centerst\u00e4mman. D\u00e4remot lyckades man f\u00e5 till en avkriminalisering av f\u00f6rekomst av narkotika i kroppen. <\/p>\n<p>D\u00e4rmed \u00e4r man det andra partiet efter V\u00e4nsterpartiet som tycker att det inte ska vara olagligt att vara p\u00e5verkad av knark. <\/p>\n","protected":false},"excerpt":{"rendered":"En av de mer eldiga debatterna p\u00e5 Centerpartiets partist\u00e4mma p\u00e5 l\u00f6rdagen handlade om den svenska narkotikalagstiftningen. Inom delar&hellip;\n","protected":false},"author":2,"featured_media":793,"comment_status":"","ping_status":"","sticky":false,"template":"","format":"standard","meta":{"footnotes":""},"categories":[5],"tags":[22,23,26,27,17,21,24,25,28,29,15,16,18,34,31,33,32,30,19,20],"class_list":{"0":"post-81418","1":"post","2":"type-post","3":"status-publish","4":"format-standard","5":"has-post-thumbnail","7":"category-rubriker","8":"tag-breaking-news","9":"tag-breakingnews","10":"tag-featured-news","11":"tag-featurednews","12":"tag-headlines","13":"tag-huvudnyheter","14":"tag-latest-news","15":"tag-latestnews","16":"tag-main-news","17":"tag-mainnews","18":"tag-news","19":"tag-nyheter","20":"tag-rubriker","21":"tag-se","22":"tag-svenska","23":"tag-sverige","24":"tag-sweden","25":"tag-swedish","26":"tag-top-stories","27":"tag-topstories"},"share_on_mastodon":{"url":"https:\/\/pubeurope.com\/@se\/115554197374594959","error":""},"_links":{"self":[{"href":"https:\/\/www.europesays.com\/se\/wp-json\/wp\/v2\/posts\/81418","targetHints":{"allow":["GET"]}}],"collection":[{"href":"https:\/\/www.europesays.com\/se\/wp-json\/wp\/v2\/posts"}],"about":[{"href":"https:\/\/www.europesays.com\/se\/wp-json\/wp\/v2\/types\/post"}],"author":[{"embeddable":true,"href":"https:\/\/www.europesays.com\/se\/wp-json\/wp\/v2\/users\/2"}],"replies":[{"embeddable":true,"href":"https:\/\/www.europesays.com\/se\/wp-json\/wp\/v2\/comments?post=81418"}],"version-history":[{"count":0,"href":"https:\/\/www.europesays.com\/se\/wp-json\/wp\/v2\/posts\/81418\/revisions"}],"wp:featuredmedia":[{"embeddable":true,"href":"https:\/\/www.europesays.com\/se\/wp-json\/wp\/v2\/media\/793"}],"wp:attachment":[{"href":"https:\/\/www.europesays.com\/se\/wp-json\/wp\/v2\/media?parent=81418"}],"wp:term":[{"taxonomy":"category","embeddable":true,"href":"https:\/\/www.europesays.com\/se\/wp-json\/wp\/v2\/categories?post=81418"},{"taxonomy":"post_tag","embeddable":true,"href":"https:\/\/www.europesays.com\/se\/wp-json\/wp\/v2\/tags?post=81418"}],"curies":[{"name":"wp","href":"https:\/\/api.w.org\/{rel}","templated":true}]}}