{"id":81438,"date":"2025-11-15T14:57:08","date_gmt":"2025-11-15T14:57:08","guid":{"rendered":"https:\/\/www.europesays.com\/se\/81438\/"},"modified":"2025-11-15T14:57:08","modified_gmt":"2025-11-15T14:57:08","slug":"hanna-fribergs-forsta-ord-om-konkursen-min-drom","status":"publish","type":"post","link":"https:\/\/www.europesays.com\/se\/81438\/","title":{"rendered":"Hanna Fribergs f\u00f6rsta ord om konkursen: \u201dMin dr\u00f6m\u201d"},"content":{"rendered":"<p>Publicerad 15 nov 2025 kl 15.49Uppdaterad kl 15.56<\/p>\n<p>Hanna Fribergs bolag Fre\u00eda Resort har g\u00e5tt i konkurs \u2013 \u00e5tta m\u00e5nader efter lanseringen.<\/p>\n<p>Nu uttalar sig influencern f\u00f6r f\u00f6rsta g\u00e5ngen om konkursen.<\/p>\n<p>\u201dDet h\u00e4r var min dr\u00f6m\u201d, skriver \u201dSpelet\u201d-deltagaren p\u00e5 Instagram.<\/p>\n<p><img   alt=\"\"\/><\/p>\n<p>Hanna Friberg.<\/p>\n<p>Foto: Claudio Bresciani\/TT \/ TT NYHETSBYR\u00c5N \/ Claudio Bresciani\/TT<\/p>\n<p>\u00d6ppna bild i helsk\u00e4rm<\/p>\n<p><a href=\"https:\/\/www.expressen.se\/tagg\/person\/hanna-friberg\/\" class=\"\" rel=\"nofollow noopener\" target=\"_blank\">Hanna Friberg<\/a>, 31, har synts i Prime videos \u201dGirls of Sthlm\u201d och \u00e4r nu aktuell i SVT:s \u201dSpelet\u201d.<\/p>\n<p>Influencern har \u00e4ven drivit kl\u00e4df\u00f6retaget Fre\u00eda Resort.<\/p>\n<p>Nyligen gick bolaget dock <a href=\"https:\/\/www.expressen.se\/noje\/hanna-fribergs-foretag-freia-resort-gar-i-konkurs\/\" rel=\"nofollow noopener\" target=\"_blank\">i konkurs bara \u00e5tta m\u00e5nader efter lanseringen<\/a>.<\/p>\n<p>Nu uttalar sig 31-\u00e5ringen f\u00f6r f\u00f6rsta g\u00e5ngen om konkursen efter att ha hunnit landa i det.<\/p>\n<p>\u201dDet h\u00e4r var min dr\u00f6m, och jag gav den allt jag hade. Jag \u00e4r s\u00e5 stolt \u00f6ver att jag v\u00e5gade f\u00f6lja den, men \u00e4rligt talat \u00e4nnu stoltare \u00f6ver att jag v\u00e5gade dra i handbromsen n\u00e4r jag ins\u00e5g att f\u00f6ruts\u00e4ttningarna inte bar\u201d, skriver hon p\u00e5 Instagram.<\/p>\n<p>Entrepren\u00f6ren f\u00f6rklarar att det var \u201dom\u00f6jligt\u201d att driva f\u00f6retaget p\u00e5 ett s\u00e4tt som k\u00e4ndes \u201dr\u00e4tt och h\u00e5llbart och rimligt mot mig sj\u00e4lv\u201d.<\/p>\n<p>Hon tackar samtidigt alla som har st\u00f6ttat och trott p\u00e5 f\u00f6retaget.<\/p>\n<p><a href=\"https:\/\/www.instagram.com\/p\/DRE8TAagg55\/?hidecaption=true\" data-provider=\"instagram\" class=\"js-social-embed\" rel=\"nofollow noopener\" target=\"_blank\">https:\/\/www.instagram.com\/p\/DRE8TAagg55\/?hidecaption=true<\/a><script async src=\"\/\/www.instagram.com\/embed.js\"><\/script><\/p>\n","protected":false},"excerpt":{"rendered":"Publicerad 15 nov 2025 kl 15.49Uppdaterad kl 15.56 Hanna Fribergs bolag Fre\u00eda Resort har g\u00e5tt i konkurs \u2013&hellip;\n","protected":false},"author":2,"featured_media":81439,"comment_status":"","ping_status":"","sticky":false,"template":"","format":"standard","meta":{"footnotes":""},"categories":[67],"tags":[104,7504,34,31,33,32,30,428,105],"class_list":{"0":"post-81438","1":"post","2":"type-post","3":"status-publish","4":"format-standard","5":"has-post-thumbnail","7":"category-underhallning","8":"tag-entertainment","9":"tag-person-hanna-friberg","10":"tag-se","11":"tag-svenska","12":"tag-sverige","13":"tag-sweden","14":"tag-swedish","15":"tag-topic-influencers","16":"tag-underhallning"},"share_on_mastodon":{"url":"https:\/\/pubeurope.com\/@se\/115554303553821886","error":""},"_links":{"self":[{"href":"https:\/\/www.europesays.com\/se\/wp-json\/wp\/v2\/posts\/81438","targetHints":{"allow":["GET"]}}],"collection":[{"href":"https:\/\/www.europesays.com\/se\/wp-json\/wp\/v2\/posts"}],"about":[{"href":"https:\/\/www.europesays.com\/se\/wp-json\/wp\/v2\/types\/post"}],"author":[{"embeddable":true,"href":"https:\/\/www.europesays.com\/se\/wp-json\/wp\/v2\/users\/2"}],"replies":[{"embeddable":true,"href":"https:\/\/www.europesays.com\/se\/wp-json\/wp\/v2\/comments?post=81438"}],"version-history":[{"count":0,"href":"https:\/\/www.europesays.com\/se\/wp-json\/wp\/v2\/posts\/81438\/revisions"}],"wp:featuredmedia":[{"embeddable":true,"href":"https:\/\/www.europesays.com\/se\/wp-json\/wp\/v2\/media\/81439"}],"wp:attachment":[{"href":"https:\/\/www.europesays.com\/se\/wp-json\/wp\/v2\/media?parent=81438"}],"wp:term":[{"taxonomy":"category","embeddable":true,"href":"https:\/\/www.europesays.com\/se\/wp-json\/wp\/v2\/categories?post=81438"},{"taxonomy":"post_tag","embeddable":true,"href":"https:\/\/www.europesays.com\/se\/wp-json\/wp\/v2\/tags?post=81438"}],"curies":[{"name":"wp","href":"https:\/\/api.w.org\/{rel}","templated":true}]}}