{"id":81461,"date":"2025-11-15T15:33:13","date_gmt":"2025-11-15T15:33:13","guid":{"rendered":"https:\/\/www.europesays.com\/se\/81461\/"},"modified":"2025-11-15T15:33:13","modified_gmt":"2025-11-15T15:33:13","slug":"kd-vill-ha-avgifter-pa-lask-politik","status":"publish","type":"post","link":"https:\/\/www.europesays.com\/se\/81461\/","title":{"rendered":"KD vill ha avgifter p\u00e5 l\u00e4sk | Politik"},"content":{"rendered":"<p>Publicerad 15 nov 2025 kl 12.57<\/p>\n<p>Kristdemokraterna vill se en producentavgift p\u00e5 tillsatt socker i drycker. Syftet \u00e4r att minska problemet med fetma bland befolkningen.<\/p>\n<p><img   alt=\"\"\/> <\/p>\n<p>Foto: PORZYCKI\/NURPHOTO\/SHUTTERSTOCK \/ SHUTTERSTOCK EDITORIAL\/IBL<\/p>\n<p>\u00d6ppna bild i helsk\u00e4rm<\/p>\n<p>F\u00f6rslaget ing\u00e5r i partiets uppdaterade v\u00e5rdprogram som KD:s riksting klubbade p\u00e5 l\u00f6rdagen. F\u00f6rslaget antogs med knapp marginal, 132 r\u00f6ster mot 129.<\/p>\n<p>Bland annat fanns en farh\u00e5ga f\u00f6r att avgiften bara leder till h\u00f6gre priser p\u00e5 l\u00e4sk. Men socialminister Jakob Forssmed (KD) pekade p\u00e5 att i Storbritannien har en s\u00e5dan avgift lett till att antalet sockerbitar i en Seven Up minskat.<\/p>\n<p>Rikstinget beslutade ocks\u00e5 att KD ska arbeta f\u00f6r att att en obligatorisk \u00e5ldersgr\u00e4ns p\u00e5 15 \u00e5r inf\u00f6rs f\u00f6r energidrycker. I dag \u00e4r det upp till de olika butikskedjorna.<\/p>\n","protected":false},"excerpt":{"rendered":"Publicerad 15 nov 2025 kl 12.57 Kristdemokraterna vill se en producentavgift p\u00e5 tillsatt socker i drycker. Syftet \u00e4r&hellip;\n","protected":false},"author":2,"featured_media":81462,"comment_status":"","ping_status":"","sticky":false,"template":"","format":"standard","meta":{"footnotes":""},"categories":[14],"tags":[22,23,26,27,17,21,24,25,28,29,15,16,18,34,583,31,33,32,30,19,20,51,52,53,54],"class_list":{"0":"post-81461","1":"post","2":"type-post","3":"status-publish","4":"format-standard","5":"has-post-thumbnail","7":"category-varlden","8":"tag-breaking-news","9":"tag-breakingnews","10":"tag-featured-news","11":"tag-featurednews","12":"tag-headlines","13":"tag-huvudnyheter","14":"tag-latest-news","15":"tag-latestnews","16":"tag-main-news","17":"tag-mainnews","18":"tag-news","19":"tag-nyheter","20":"tag-rubriker","21":"tag-se","22":"tag-sections-politik","23":"tag-svenska","24":"tag-sverige","25":"tag-sweden","26":"tag-swedish","27":"tag-top-stories","28":"tag-topstories","29":"tag-varlden","30":"tag-world","31":"tag-world-news","32":"tag-worldnews"},"share_on_mastodon":{"url":"https:\/\/pubeurope.com\/@se\/115554445109153307","error":""},"_links":{"self":[{"href":"https:\/\/www.europesays.com\/se\/wp-json\/wp\/v2\/posts\/81461","targetHints":{"allow":["GET"]}}],"collection":[{"href":"https:\/\/www.europesays.com\/se\/wp-json\/wp\/v2\/posts"}],"about":[{"href":"https:\/\/www.europesays.com\/se\/wp-json\/wp\/v2\/types\/post"}],"author":[{"embeddable":true,"href":"https:\/\/www.europesays.com\/se\/wp-json\/wp\/v2\/users\/2"}],"replies":[{"embeddable":true,"href":"https:\/\/www.europesays.com\/se\/wp-json\/wp\/v2\/comments?post=81461"}],"version-history":[{"count":0,"href":"https:\/\/www.europesays.com\/se\/wp-json\/wp\/v2\/posts\/81461\/revisions"}],"wp:featuredmedia":[{"embeddable":true,"href":"https:\/\/www.europesays.com\/se\/wp-json\/wp\/v2\/media\/81462"}],"wp:attachment":[{"href":"https:\/\/www.europesays.com\/se\/wp-json\/wp\/v2\/media?parent=81461"}],"wp:term":[{"taxonomy":"category","embeddable":true,"href":"https:\/\/www.europesays.com\/se\/wp-json\/wp\/v2\/categories?post=81461"},{"taxonomy":"post_tag","embeddable":true,"href":"https:\/\/www.europesays.com\/se\/wp-json\/wp\/v2\/tags?post=81461"}],"curies":[{"name":"wp","href":"https:\/\/api.w.org\/{rel}","templated":true}]}}