{"id":81494,"date":"2025-11-15T16:23:10","date_gmt":"2025-11-15T16:23:10","guid":{"rendered":"https:\/\/www.europesays.com\/se\/81494\/"},"modified":"2025-11-15T16:23:10","modified_gmt":"2025-11-15T16:23:10","slug":"misstankt-farligt-foremal-vid-nordstan-i-goteborg-en-gripen","status":"publish","type":"post","link":"https:\/\/www.europesays.com\/se\/81494\/","title":{"rendered":"Misst\u00e4nkt farligt f\u00f6rem\u00e5l vid Nordstan i G\u00f6teborg \u2013 en gripen"},"content":{"rendered":"<p>Det var i samband med ett polisen stannade ett fordon utanf\u00f6r Nordstan som ett misst\u00e4nkt f\u00f6rem\u00e5l hittades i fordonet. <\/p>\n<p>\u2013 Det var i samband med en trafikkontroll som en patrull p\u00e5tr\u00e4ffade n\u00e5got som de misst\u00e4nkte var ett farligt f\u00f6rem\u00e5l. De kontaktade nationella bombskyddet som gav instruktioner om hur f\u00f6rem\u00e5let skulle hanteras, s\u00e4ger Christian Brattg\u00e5rd, polisens presstalesperson i V\u00e4stra G\u00f6taland.<\/p>\n<p>Det var initialt avsp\u00e4rrningar p\u00e5 platsen, men de har sedan dess h\u00e4vts. F\u00f6rem\u00e5let hittades strax efter fyra p\u00e5 l\u00f6rdagseftermiddagen. <\/p>\n<p>\u2013 Just nu har jag ingen information om f\u00f6rem\u00e5let var farligt eller brottsrubricering, men en person \u00e4r gripen i samband h\u00e4ndelsen, s\u00e4ger Christian Brattg\u00e5rd.<\/p>\n<p>Texten uppdateras.<\/p>\n","protected":false},"excerpt":{"rendered":"Det var i samband med ett polisen stannade ett fordon utanf\u00f6r Nordstan som ett misst\u00e4nkt f\u00f6rem\u00e5l hittades i&hellip;\n","protected":false},"author":2,"featured_media":793,"comment_status":"","ping_status":"","sticky":false,"template":"","format":"standard","meta":{"footnotes":""},"categories":[5],"tags":[22,23,26,27,17,21,24,25,28,29,15,16,18,34,31,33,32,30,19,20],"class_list":{"0":"post-81494","1":"post","2":"type-post","3":"status-publish","4":"format-standard","5":"has-post-thumbnail","7":"category-rubriker","8":"tag-breaking-news","9":"tag-breakingnews","10":"tag-featured-news","11":"tag-featurednews","12":"tag-headlines","13":"tag-huvudnyheter","14":"tag-latest-news","15":"tag-latestnews","16":"tag-main-news","17":"tag-mainnews","18":"tag-news","19":"tag-nyheter","20":"tag-rubriker","21":"tag-se","22":"tag-svenska","23":"tag-sverige","24":"tag-sweden","25":"tag-swedish","26":"tag-top-stories","27":"tag-topstories"},"share_on_mastodon":{"url":"https:\/\/pubeurope.com\/@se\/115554641712458850","error":""},"_links":{"self":[{"href":"https:\/\/www.europesays.com\/se\/wp-json\/wp\/v2\/posts\/81494","targetHints":{"allow":["GET"]}}],"collection":[{"href":"https:\/\/www.europesays.com\/se\/wp-json\/wp\/v2\/posts"}],"about":[{"href":"https:\/\/www.europesays.com\/se\/wp-json\/wp\/v2\/types\/post"}],"author":[{"embeddable":true,"href":"https:\/\/www.europesays.com\/se\/wp-json\/wp\/v2\/users\/2"}],"replies":[{"embeddable":true,"href":"https:\/\/www.europesays.com\/se\/wp-json\/wp\/v2\/comments?post=81494"}],"version-history":[{"count":0,"href":"https:\/\/www.europesays.com\/se\/wp-json\/wp\/v2\/posts\/81494\/revisions"}],"wp:featuredmedia":[{"embeddable":true,"href":"https:\/\/www.europesays.com\/se\/wp-json\/wp\/v2\/media\/793"}],"wp:attachment":[{"href":"https:\/\/www.europesays.com\/se\/wp-json\/wp\/v2\/media?parent=81494"}],"wp:term":[{"taxonomy":"category","embeddable":true,"href":"https:\/\/www.europesays.com\/se\/wp-json\/wp\/v2\/categories?post=81494"},{"taxonomy":"post_tag","embeddable":true,"href":"https:\/\/www.europesays.com\/se\/wp-json\/wp\/v2\/tags?post=81494"}],"curies":[{"name":"wp","href":"https:\/\/api.w.org\/{rel}","templated":true}]}}