{"id":81495,"date":"2025-11-15T16:34:08","date_gmt":"2025-11-15T16:34:08","guid":{"rendered":"https:\/\/www.europesays.com\/se\/81495\/"},"modified":"2025-11-15T16:34:08","modified_gmt":"2025-11-15T16:34:08","slug":"skandalen-ror-upp-kanslor-sovjetmentalitet","status":"publish","type":"post","link":"https:\/\/www.europesays.com\/se\/81495\/","title":{"rendered":"Skandalen r\u00f6r upp k\u00e4nslor: \u201dSovjetmentalitet\u201d"},"content":{"rendered":"<p>Det r\u00e5der ilska p\u00e5 flera h\u00e5ll i Ukraina efter korruptionsskandalen i landets energisektor, som lett till att tv\u00e5 ministrar l\u00e4mnat sina poster. Det rapporterar Kyiv Independent. En av de huvudmisst\u00e4nkta \u00e4r president Zelenskyjs n\u00e4ra v\u00e4n Timur Minditj. <\/p>\n<p>\u2013 Det v\u00e4rsta \u00e4r att det kanske inte \u00e4r ett avslutat kapitel, s\u00e4ger en k\u00e4lla i parlamentet till tidningen. <\/p>\n<p>Studenten Elizaveta Demidova \u00e4r uppr\u00f6rd \u00f6ver att skandalen nystas upp samtidigt som de ryska attackerna mot Ukraina sl\u00e5r h\u00e5rt mot landets elf\u00f6rs\u00f6rjning. <\/p>\n<p>\u2013 Det \u00e4r oacceptabelt. Jag tror att det h\u00e4r \u00e4r en mentalitet som kommer fr\u00e5n Sovjetunionen, att de med makt alltid vill gynna sig sj\u00e4lva, s\u00e4ger hon. <\/p>\n<p>Omni \u00e4r politiskt obundna och oberoende. Vi str\u00e4var efter att ge fler perspektiv p\u00e5 nyheterna. Har du fr\u00e5gor eller synpunkter kring v\u00e5r rapportering? <a href=\"https:\/\/omni.se\/skandalen-ror-upp-kanslor-sovjetmentalitet\/a\/mailto:redaktion@omni.se\" class=\"ArticleActions_contactLink__W2F1M\" rel=\"nofollow noopener\" target=\"_blank\">Kontakta redaktionen<\/a><\/p>\n","protected":false},"excerpt":{"rendered":"Det r\u00e5der ilska p\u00e5 flera h\u00e5ll i Ukraina efter korruptionsskandalen i landets energisektor, som lett till att tv\u00e5&hellip;\n","protected":false},"author":2,"featured_media":81496,"comment_status":"","ping_status":"","sticky":false,"template":"","format":"standard","meta":{"footnotes":""},"categories":[5],"tags":[22,23,267,26,27,17,21,24,25,28,29,15,16,18,34,31,33,32,30,19,20,263],"class_list":{"0":"post-81495","1":"post","2":"type-post","3":"status-publish","4":"format-standard","5":"has-post-thumbnail","7":"category-rubriker","8":"tag-breaking-news","9":"tag-breakingnews","10":"tag-europa","11":"tag-featured-news","12":"tag-featurednews","13":"tag-headlines","14":"tag-huvudnyheter","15":"tag-latest-news","16":"tag-latestnews","17":"tag-main-news","18":"tag-mainnews","19":"tag-news","20":"tag-nyheter","21":"tag-rubriker","22":"tag-se","23":"tag-svenska","24":"tag-sverige","25":"tag-sweden","26":"tag-swedish","27":"tag-top-stories","28":"tag-topstories","29":"tag-ukraina"},"share_on_mastodon":{"url":"https:\/\/pubeurope.com\/@se\/115554684945647204","error":""},"_links":{"self":[{"href":"https:\/\/www.europesays.com\/se\/wp-json\/wp\/v2\/posts\/81495","targetHints":{"allow":["GET"]}}],"collection":[{"href":"https:\/\/www.europesays.com\/se\/wp-json\/wp\/v2\/posts"}],"about":[{"href":"https:\/\/www.europesays.com\/se\/wp-json\/wp\/v2\/types\/post"}],"author":[{"embeddable":true,"href":"https:\/\/www.europesays.com\/se\/wp-json\/wp\/v2\/users\/2"}],"replies":[{"embeddable":true,"href":"https:\/\/www.europesays.com\/se\/wp-json\/wp\/v2\/comments?post=81495"}],"version-history":[{"count":0,"href":"https:\/\/www.europesays.com\/se\/wp-json\/wp\/v2\/posts\/81495\/revisions"}],"wp:featuredmedia":[{"embeddable":true,"href":"https:\/\/www.europesays.com\/se\/wp-json\/wp\/v2\/media\/81496"}],"wp:attachment":[{"href":"https:\/\/www.europesays.com\/se\/wp-json\/wp\/v2\/media?parent=81495"}],"wp:term":[{"taxonomy":"category","embeddable":true,"href":"https:\/\/www.europesays.com\/se\/wp-json\/wp\/v2\/categories?post=81495"},{"taxonomy":"post_tag","embeddable":true,"href":"https:\/\/www.europesays.com\/se\/wp-json\/wp\/v2\/tags?post=81495"}],"curies":[{"name":"wp","href":"https:\/\/api.w.org\/{rel}","templated":true}]}}