{"id":81505,"date":"2025-11-15T17:07:11","date_gmt":"2025-11-15T17:07:11","guid":{"rendered":"https:\/\/www.europesays.com\/se\/81505\/"},"modified":"2025-11-15T17:07:11","modified_gmt":"2025-11-15T17:07:11","slug":"skidskytte-hanna-oberg-vinner-sasongspremiaren-i-idre","status":"publish","type":"post","link":"https:\/\/www.europesays.com\/se\/81505\/","title":{"rendered":"Skidskytte: Hanna \u00d6berg vinner s\u00e4songspremi\u00e4ren i Idre"},"content":{"rendered":"<p>Redan ut p\u00e5 f\u00f6rsta varvet fick Hanna \u00d6berg rygg p\u00e5 lillasyster Elvira, n\u00e5got som borgade f\u00f6r den \u00f6verl\u00e4gset snabbaste starten i sp\u00e5ret.<\/p>\n<p>\u2013 Elvira var en bra person att jaga. D\u00e5 kunde jag inte h\u00e5lla mig. D\u00e5 k\u00f6rde jag bara. Jag t\u00e4nkte att det var b\u00e4ttre att \u00f6ppna offensivt, s\u00e4ger Hanna \u00d6berg.<\/p>\n<p>Experten Mona Brorsson:<br \/>\u2013 Hon g\u00f6r det perfekta loppet, det hade r\u00e4ckt till en pallplats i v\u00e4rldscupen.<\/p>\n<p>Efter f\u00f6rsta skyttet d\u00e4r Hanna sk\u00f6t fullt och Elvira missade ett skott var hon i ledning med 38 sekunder ner till systern.<\/p>\n<p>\u00c4ven i andra blev det fullt \u2013 med 46 sekunder ner till Elvira \u00d6berg som \u00e4ven hon satte allt i andra skyttet.<\/p>\n<p>\u2013 Det k\u00e4ndes j\u00e4ttebra. Jag g\u00f6r ett v\u00e4ldigt bra jobb p\u00e5 vallen. Ingen stress, jag jobbar bra igenom serierna, bra f\u00f6rberedelser med andningen. Det \u00e4r jag v\u00e4ldigt n\u00f6jd med.<\/p>\n<p>I m\u00e5l var Hanna 34,9 sekunder f\u00f6re, efter att Elvira \u00d6berg avslutat snabbt. Linn Gestblom blev trea.<\/p>\n<p>\u2013 Det k\u00e4nns s\u00e5klart j\u00e4ttebra. Det finns supermycket positivt att ta med sig. Jag vet inte riktigt vad jag ska justera p\u00e5 till imorgon, s\u00e4ger Hanna \u00d6berg.<\/p>\n","protected":false},"excerpt":{"rendered":"Redan ut p\u00e5 f\u00f6rsta varvet fick Hanna \u00d6berg rygg p\u00e5 lillasyster Elvira, n\u00e5got som borgade f\u00f6r den \u00f6verl\u00e4gset&hellip;\n","protected":false},"author":2,"featured_media":81506,"comment_status":"","ping_status":"","sticky":false,"template":"","format":"standard","meta":{"footnotes":""},"categories":[5],"tags":[22,23,26,27,17,21,24,25,28,29,15,16,18,34,31,33,32,30,19,20],"class_list":{"0":"post-81505","1":"post","2":"type-post","3":"status-publish","4":"format-standard","5":"has-post-thumbnail","7":"category-rubriker","8":"tag-breaking-news","9":"tag-breakingnews","10":"tag-featured-news","11":"tag-featurednews","12":"tag-headlines","13":"tag-huvudnyheter","14":"tag-latest-news","15":"tag-latestnews","16":"tag-main-news","17":"tag-mainnews","18":"tag-news","19":"tag-nyheter","20":"tag-rubriker","21":"tag-se","22":"tag-svenska","23":"tag-sverige","24":"tag-sweden","25":"tag-swedish","26":"tag-top-stories","27":"tag-topstories"},"share_on_mastodon":{"url":"https:\/\/pubeurope.com\/@se\/115554814704097260","error":""},"_links":{"self":[{"href":"https:\/\/www.europesays.com\/se\/wp-json\/wp\/v2\/posts\/81505","targetHints":{"allow":["GET"]}}],"collection":[{"href":"https:\/\/www.europesays.com\/se\/wp-json\/wp\/v2\/posts"}],"about":[{"href":"https:\/\/www.europesays.com\/se\/wp-json\/wp\/v2\/types\/post"}],"author":[{"embeddable":true,"href":"https:\/\/www.europesays.com\/se\/wp-json\/wp\/v2\/users\/2"}],"replies":[{"embeddable":true,"href":"https:\/\/www.europesays.com\/se\/wp-json\/wp\/v2\/comments?post=81505"}],"version-history":[{"count":0,"href":"https:\/\/www.europesays.com\/se\/wp-json\/wp\/v2\/posts\/81505\/revisions"}],"wp:featuredmedia":[{"embeddable":true,"href":"https:\/\/www.europesays.com\/se\/wp-json\/wp\/v2\/media\/81506"}],"wp:attachment":[{"href":"https:\/\/www.europesays.com\/se\/wp-json\/wp\/v2\/media?parent=81505"}],"wp:term":[{"taxonomy":"category","embeddable":true,"href":"https:\/\/www.europesays.com\/se\/wp-json\/wp\/v2\/categories?post=81505"},{"taxonomy":"post_tag","embeddable":true,"href":"https:\/\/www.europesays.com\/se\/wp-json\/wp\/v2\/tags?post=81505"}],"curies":[{"name":"wp","href":"https:\/\/api.w.org\/{rel}","templated":true}]}}