{"id":81507,"date":"2025-11-15T17:15:10","date_gmt":"2025-11-15T17:15:10","guid":{"rendered":"https:\/\/www.europesays.com\/se\/81507\/"},"modified":"2025-11-15T17:15:10","modified_gmt":"2025-11-15T17:15:10","slug":"brynas-hetast-i-repris-av-finalen-nollade-lulea","status":"publish","type":"post","link":"https:\/\/www.europesays.com\/se\/81507\/","title":{"rendered":"Bryn\u00e4s hetast i repris av finalen \u2013 nollade Lule\u00e5"},"content":{"rendered":"<p>Bryn\u00e4s var starkast n\u00e4r fjol\u00e5rets finallag i SHL gjorde upp igen p\u00e5 l\u00f6rdagen. G\u00e4vlelaget, som f\u00f6rra \u00e5ret fick se Lule\u00e5 fira SM-guld, vann med klara 3\u20130 p\u00e5 bortais. <\/p>\n<p>Johan Larsson satte 1\u20130 i b\u00f6rjan av den andra perioden. Laget fick ketchupeffekt efter en m\u00e5ll\u00f6s f\u00f6rsta period och innan mittakten var \u00f6ver satte Johannes Kinnvall tv\u00e5an och Lucas Pettersson trean. <\/p>\n<p>\u2013 Det g\u00e5r fram\u00e5t, s\u00e4ger lagkaptenen. <\/p>\n<p>Segern var viktig f\u00f6r Bryn\u00e4s som k\u00e4mpar i botten av tabellen. \u00c4ven Lule\u00e5 har haft en tung s\u00e4song och ligger nu p\u00e5 elfte plats. <\/p>\n<p>Omni \u00e4r politiskt obundna och oberoende. Vi str\u00e4var efter att ge fler perspektiv p\u00e5 nyheterna. Har du fr\u00e5gor eller synpunkter kring v\u00e5r rapportering? <a href=\"https:\/\/omni.se\/brynas-hetast-i-repris-av-finalen-nollade-lulea\/a\/mailto:redaktion@omni.se\" class=\"ArticleActions_contactLink__W2F1M\" rel=\"nofollow noopener\" target=\"_blank\">Kontakta redaktionen<\/a><\/p>\n","protected":false},"excerpt":{"rendered":"Bryn\u00e4s var starkast n\u00e4r fjol\u00e5rets finallag i SHL gjorde upp igen p\u00e5 l\u00f6rdagen. G\u00e4vlelaget, som f\u00f6rra \u00e5ret fick&hellip;\n","protected":false},"author":2,"featured_media":81508,"comment_status":"","ping_status":"","sticky":false,"template":"","format":"standard","meta":{"footnotes":""},"categories":[5],"tags":[22,23,3327,26,27,17,21,1472,24,25,3544,28,29,15,16,18,34,31,33,32,30,19,20],"class_list":{"0":"post-81507","1":"post","2":"type-post","3":"status-publish","4":"format-standard","5":"has-post-thumbnail","7":"category-rubriker","8":"tag-breaking-news","9":"tag-breakingnews","10":"tag-brynas-if","11":"tag-featured-news","12":"tag-featurednews","13":"tag-headlines","14":"tag-huvudnyheter","15":"tag-ishockey","16":"tag-latest-news","17":"tag-latestnews","18":"tag-lulea-hf","19":"tag-main-news","20":"tag-mainnews","21":"tag-news","22":"tag-nyheter","23":"tag-rubriker","24":"tag-se","25":"tag-svenska","26":"tag-sverige","27":"tag-sweden","28":"tag-swedish","29":"tag-top-stories","30":"tag-topstories"},"share_on_mastodon":{"url":"https:\/\/pubeurope.com\/@se\/115554846241292164","error":""},"_links":{"self":[{"href":"https:\/\/www.europesays.com\/se\/wp-json\/wp\/v2\/posts\/81507","targetHints":{"allow":["GET"]}}],"collection":[{"href":"https:\/\/www.europesays.com\/se\/wp-json\/wp\/v2\/posts"}],"about":[{"href":"https:\/\/www.europesays.com\/se\/wp-json\/wp\/v2\/types\/post"}],"author":[{"embeddable":true,"href":"https:\/\/www.europesays.com\/se\/wp-json\/wp\/v2\/users\/2"}],"replies":[{"embeddable":true,"href":"https:\/\/www.europesays.com\/se\/wp-json\/wp\/v2\/comments?post=81507"}],"version-history":[{"count":0,"href":"https:\/\/www.europesays.com\/se\/wp-json\/wp\/v2\/posts\/81507\/revisions"}],"wp:featuredmedia":[{"embeddable":true,"href":"https:\/\/www.europesays.com\/se\/wp-json\/wp\/v2\/media\/81508"}],"wp:attachment":[{"href":"https:\/\/www.europesays.com\/se\/wp-json\/wp\/v2\/media?parent=81507"}],"wp:term":[{"taxonomy":"category","embeddable":true,"href":"https:\/\/www.europesays.com\/se\/wp-json\/wp\/v2\/categories?post=81507"},{"taxonomy":"post_tag","embeddable":true,"href":"https:\/\/www.europesays.com\/se\/wp-json\/wp\/v2\/tags?post=81507"}],"curies":[{"name":"wp","href":"https:\/\/api.w.org\/{rel}","templated":true}]}}