{"id":81509,"date":"2025-11-15T17:18:12","date_gmt":"2025-11-15T17:18:12","guid":{"rendered":"https:\/\/www.europesays.com\/se\/81509\/"},"modified":"2025-11-15T17:18:12","modified_gmt":"2025-11-15T17:18:12","slug":"tre-kommande-kriminalserier-pa-tv4-play-som-du-maste-se","status":"publish","type":"post","link":"https:\/\/www.europesays.com\/se\/81509\/","title":{"rendered":"Tre kommande kriminalserier p\u00e5 TV4 Play som du m\u00e5ste se"},"content":{"rendered":"<p>&#13;<br \/>\n                 &#13;<br \/>\n                                                Nordens b\u00e4sta deckare samlas i vinterns hetaste krimprem\u00e4rer&#13;<br \/>\n    &#13;<\/p>\n<p class=\"content-article__preamble\">TV4 laddar f\u00f6r en ryslig jul med tre storsatsningar i december. Nu kan du f\u00f6rv\u00e4nta dig en vinterm\u00e5nad fylld med detektivmysterium.<\/p>\n<p>&#13;<br \/>\n                                            &#13;<br \/>\n    &#13;<br \/>\n    &#13;<br \/>\n&#13;<br \/>\n    &#13;<br \/>\n    &#13;<\/p>\n<p dir=\"ltr\">Streamingtj\u00e4nsten <a href=\"https:\/\/www.tv4play.se\" target=\"_blank\" rel=\"noopener nofollow\"><strong>TV4 Play<\/strong><\/a> g\u00f6r julhelgen till en fest f\u00f6r krimfantaster med en trio av sp\u00e4nnande premi\u00e4rer. Det bjuds p\u00e5 allt fr\u00e5n iskalla isl\u00e4ndska mordg\u00e5tor till klassiska svenska detektivmysterier och succ\u00e9serier som \u00e5terv\u00e4nder.<\/p>\n<p>Tre kriminalserier som snart kommer till TV4 Play<br \/>\n<img loading=\"lazy\" decoding=\"async\" src=\"https:\/\/www.europesays.com\/se\/wp-content\/uploads\/2025\/11\/Reykjavik_112_Foto_tv4.jpg\" alt=\"Tre kommande kriminalserier p\u00e5 TV4 Play som du m\u00e5ste se\" width=\"1250\" height=\"800\"\/>&#13;<br \/>\nFoto: TV4.&#13;<\/p>\n<p>Reykjavik 112<\/p>\n<p dir=\"ltr\">Reykjavik 112 har premi\u00e4r p\u00e5 TV4 Play+ den 27 november och p\u00e5 vanliga TV4 Play den 1 december. F\u00f6rest\u00e4ll dig att en sex\u00e5rig flicka ser sin mamma m\u00f6rdas framf\u00f6r sina \u00f6gon. Chocken \u00e4r s\u00e5 total att hon slutar tala. M\u00f6rdaren \u00e4r fortfarande p\u00e5 fri fot och barnet \u00e4r det enda vittnet. Detektiv Huldar kastas in i ett desperat kappl\u00f6pning mot tiden d\u00e4r varje sekund kan vara skillnaden mellan liv och d\u00f6d. Hans enda chans att l\u00e5sa upp sanningen finns inl\u00e5st i en traumatiserad flickas tystnad.<\/p>\n<p dir=\"ltr\">N\u00e4r han s\u00f6ker hj\u00e4lp av barnpsykolog Freyja f\u00f6r att n\u00e5 fram till det stumma barnet, uppst\u00e5r en ov\u00e4ntad komplikation \u2013 de tv\u00e5 har nyligen haft en katastrofal dejt. Nu m\u00e5ste de l\u00e4gga sina personliga k\u00e4nslor \u00e5t sidan och samarbeta f\u00f6r att r\u00e4dda en liten flickas liv.<\/p>\n<p dir=\"ltr\">De sex avsnitten bjuder p\u00e5 klassisk isl\u00e4ndsk noir d\u00e4r Reykjaviks m\u00f6rka vinterlandskap blir en perfekt fond till en ber\u00e4ttelse om skuld, trauma och desperata f\u00f6rs\u00f6k att skydda de mest oskyddade.<\/p>\n<p dir=\"ltr\"><strong>Mer om:<\/strong> <a href=\"https:\/\/www.filmtopp.se\/nyhet\/tv4play-ny-nordisk-kriminalserie-kommer-till-tv4-play-baserad-pa-bastsaljare\" rel=\"nofollow noopener\" target=\"_blank\">Reykjavik 112<\/a><\/p>\n<p><img loading=\"lazy\" decoding=\"async\" src=\"https:\/\/www.europesays.com\/se\/wp-content\/uploads\/2025\/11\/Beck_52_foto_Johan_PaulinTV4.jpg\" alt=\"Tre kommande kriminalserier p\u00e5 TV4 Play som du m\u00e5ste se\" width=\"1250\" height=\"800\"\/>&#13;<br \/>\nFoto: Johan Paulin. \/ TV4.&#13;<\/p>\n<p>\u201dUr askan\u201d \u2013 den 53:e delen i Beck-serien<\/p>\n<p dir=\"ltr\">Beck 53 \u2013 Ur askan har exklusiv premi\u00e4r p\u00e5 TV4 Play+ den 5 december. Med den forts\u00e4tter en av svensk historias mest kriminalserier, d\u00e4r avsnitten utg\u00f6rs av l\u00e5ngfilmer.<\/p>\n<p dir=\"ltr\">Flammorna har slocknat, men fr\u00e5gorna brinner hetare \u00e4n n\u00e5gonsin. I Jeriko f\u00f6rsamlingskyrkas f\u00f6rkolnade ruiner hittas huvudpastor Tolles lik \u2013 ett offer f\u00f6r en kallblodig mordbrand. F\u00f6r Alex (<strong>Jennie Silfverhjelm<\/strong>) blir fallet om\u00f6jligt att hantera professionellt. Kyrkans andre pastor, Ellen Bengtsdotter Dahl, \u00e4r hennes barndomsv\u00e4n. Pl\u00f6tsligt st\u00e5r Alex i gr\u00e4nslandet mellan lojalitet och r\u00e4ttvisa, mellan v\u00e4nskap och plikt.<\/p>\n<p dir=\"ltr\">Hur l\u00e5ngt kan man g\u00e5 f\u00f6r att skydda n\u00e5gon man bryr sig om? Hur mycket kan ett f\u00f6rflutet p\u00e5verka ett mordfall? Beckgruppen tvingas navigera i farvatten d\u00e4r varje ledtr\u00e5d kan leda till sm\u00e4rtsamma sanningar.<\/p>\n<p dir=\"ltr\">Med <strong>Peter Haber<\/strong>, <strong>Valter Skarsg\u00e5rd<\/strong>, <strong>Martin Wallstr\u00f6m<\/strong>, <strong>M\u00e5ns Nathanaelson<\/strong>, <strong>Elmira Arikan<\/strong> och <strong>Nina Zanjani<\/strong> levererar serien precis den moraliska komplexitet som gjort Beck till en stor publikfavorit i \u00f6ver femtio filmer.\u00a0<\/p>\n<p dir=\"ltr\"><strong>Mer om:<\/strong> <a href=\"https:\/\/www.filmtopp.se\/nyhet\/tv4play-stjarnan-dyker-upp-i-nya-beck-filmen-gladjebesked-for-tittarna\" rel=\"nofollow noopener\" target=\"_blank\">Beck 53\u00a0\u2013<\/a> <a href=\"https:\/\/www.filmtopp.se\/nyhet\/tv4play-stjarnan-dyker-upp-i-nya-beck-filmen-gladjebesked-for-tittarna\" rel=\"nofollow noopener\" target=\"_blank\">Ur askan<\/a><\/p>\n<p><img loading=\"lazy\" decoding=\"async\" src=\"https:\/\/www.europesays.com\/se\/wp-content\/uploads\/2025\/11\/Sanning_s2_foto_tv4.jpg\" alt=\"Tre kommande kriminalserier p\u00e5 TV4 Play som du m\u00e5ste se\" width=\"1250\" height=\"800\"\/>&#13;<br \/>\nFoto: TV4.&#13;<\/p>\n<p>Sanningen (s\u00e4song 2)<\/p>\n<p dir=\"ltr\">Efter att \u00f6ver 1,4 miljoner tittare per avsnitt gjorde f\u00f6rsta s\u00e4songen till en av TV4:s mest sedda dramaserier, \u00e4r f\u00f6rv\u00e4ntningarna p\u00e5 uppf\u00f6ljaren skyh\u00f6ga. Nu f\u00e5r vi \u00e4ntligen \u00e5terse Iris Broman i Malm\u00f6. Hon har b\u00f6rjat sl\u00e5 rot i sin nya stad, men det f\u00f6rflutna v\u00e4grar sl\u00e4ppa taget.<\/p>\n<p dir=\"ltr\">En kropp gr\u00e4vs fram utanf\u00f6r en mystisk herrg\u00e5rd n\u00e4ra Ystad. Samtidigt p\u00e5g\u00e5r en dokument\u00e4rinspelning om ett gammalt ol\u00f6st mord \u2013 ett fall som snart visar sig vara sammanfl\u00e4tat med det nya. Men det verkliga k\u00e4nslosamma slaget kommer n\u00e4r Iris f\u00e5r ett ov\u00e4ntat meddelande fr\u00e5n Adam, hennes f\u00f6re detta kollega i Stockholm. Pl\u00f6tsligt rasar hela hennes v\u00e4rld.<\/p>\n<p dir=\"ltr\"><strong>Sofia Helin<\/strong> \u00e4r tillbaka som den briljanta men komplexa Iris, omgiven av <strong>Kajsa Ernst<\/strong>, <strong>H\u00e5kan Bengtsson<\/strong>, <strong>Inez Micaella Andersson<\/strong>, <strong>P\u00e5l Sverre Hagen<\/strong> och <strong>Pablo Leiva Wenger<\/strong>. Sanningen s\u00e4song 2 har premi\u00e4r p\u00e5 TV4 Play+ den 25 december.<\/p>\n<p dir=\"ltr\"><strong>Mer om:<\/strong> <a href=\"https:\/\/www.filmtopp.se\/nyhet\/tv4play-en-av-tv4-s-mest-sedda-kriminalserier-ar-snart-tillbaka-annu-mer-spanning\" rel=\"nofollow noopener\" target=\"_blank\">Sanningen (s\u00e4song 2)<\/a><\/p>\n<p>En vinter av sp\u00e4nning<\/p>\n<p dir=\"ltr\">Med dessa tre premi\u00e4rer blir december m\u00e5naden d\u00e5 svenska TV4 Play cementerar sin position som ledande plattform f\u00f6r nordisk krimunderh\u00e5llning. F\u00f6redrar du den kalla isl\u00e4ndska atmosf\u00e4ren i Reykjavik 112, det klassiska svenska polisarbetet i Beck eller det psykologiska djupet i Sanningen? Oavsett vad s\u00e5 finns h\u00e4r n\u00e5got f\u00f6r varje krim\u00e4lskare. Julhelgen har aldrig varit s\u00e5 m\u00f6rk och sp\u00e4nnande.<\/p>\n<p><strong><a href=\"https:\/\/www.filmtopp.se\/\" rel=\"nofollow noopener\" target=\"_blank\">Filmtopp<\/a> uppdaterar dig med nyheter och tips inom streaming. F\u00f6r att inte missa n\u00e5gon stor h\u00e4ndelse \u2013 <a href=\"https:\/\/www.facebook.com\/filmtopp\" target=\"_blank\" rel=\"noopener nofollow\">f\u00f6lj oss p\u00e5 Facebook<\/a>.<\/strong><\/p>\n","protected":false},"excerpt":{"rendered":"&#13; &#13; Nordens b\u00e4sta deckare samlas i vinterns hetaste krimprem\u00e4rer&#13; &#13; TV4 laddar f\u00f6r en ryslig jul med&hellip;\n","protected":false},"author":2,"featured_media":81510,"comment_status":"","ping_status":"","sticky":false,"template":"","format":"standard","meta":{"footnotes":""},"categories":[67],"tags":[104,34,31,33,32,30,105],"class_list":{"0":"post-81509","1":"post","2":"type-post","3":"status-publish","4":"format-standard","5":"has-post-thumbnail","7":"category-underhallning","8":"tag-entertainment","9":"tag-se","10":"tag-svenska","11":"tag-sverige","12":"tag-sweden","13":"tag-swedish","14":"tag-underhallning"},"share_on_mastodon":{"url":"https:\/\/pubeurope.com\/@se\/115554858138725476","error":""},"_links":{"self":[{"href":"https:\/\/www.europesays.com\/se\/wp-json\/wp\/v2\/posts\/81509","targetHints":{"allow":["GET"]}}],"collection":[{"href":"https:\/\/www.europesays.com\/se\/wp-json\/wp\/v2\/posts"}],"about":[{"href":"https:\/\/www.europesays.com\/se\/wp-json\/wp\/v2\/types\/post"}],"author":[{"embeddable":true,"href":"https:\/\/www.europesays.com\/se\/wp-json\/wp\/v2\/users\/2"}],"replies":[{"embeddable":true,"href":"https:\/\/www.europesays.com\/se\/wp-json\/wp\/v2\/comments?post=81509"}],"version-history":[{"count":0,"href":"https:\/\/www.europesays.com\/se\/wp-json\/wp\/v2\/posts\/81509\/revisions"}],"wp:featuredmedia":[{"embeddable":true,"href":"https:\/\/www.europesays.com\/se\/wp-json\/wp\/v2\/media\/81510"}],"wp:attachment":[{"href":"https:\/\/www.europesays.com\/se\/wp-json\/wp\/v2\/media?parent=81509"}],"wp:term":[{"taxonomy":"category","embeddable":true,"href":"https:\/\/www.europesays.com\/se\/wp-json\/wp\/v2\/categories?post=81509"},{"taxonomy":"post_tag","embeddable":true,"href":"https:\/\/www.europesays.com\/se\/wp-json\/wp\/v2\/tags?post=81509"}],"curies":[{"name":"wp","href":"https:\/\/api.w.org\/{rel}","templated":true}]}}