{"id":81525,"date":"2025-11-15T17:45:19","date_gmt":"2025-11-15T17:45:19","guid":{"rendered":"https:\/\/www.europesays.com\/se\/81525\/"},"modified":"2025-11-15T17:45:19","modified_gmt":"2025-11-15T17:45:19","slug":"kina-avrader-fran-resor-till-japan-efter-taiwanbrak","status":"publish","type":"post","link":"https:\/\/www.europesays.com\/se\/81525\/","title":{"rendered":"Kina avr\u00e5der fr\u00e5n resor till Japan efter Taiwanbr\u00e5k"},"content":{"rendered":"<p>Kina uppmanar sina inv\u00e5nare att inte resa till Japan efter att landets nya premi\u00e4rminister Sanae Takaichi sagt att en attack mot Taiwan kan motivera att skicka japanska trupper till \u00f6n som en sj\u00e4lvf\u00f6rsvarshandling. Det rapporterar flera medier.<\/p>\n<p>Enligt det kinesiska utrikesdepartementet har japanska ledare \u201dgjort uppenbart provocerande uttalanden om Taiwan\u201d vilket \u201dallvarligt skadat\u201d relationen mellan det kinesiska och japanska folket.<\/p>\n<p>Peking anser att Taiwan tillh\u00f6r Kina och har flera g\u00e5nger hotat att ta milit\u00e4r kontroll \u00f6ver \u00f6n. I ett separat uttalande fr\u00e5n Kinas f\u00f6rsvarsdepartement varnas Japan f\u00f6r att ingripa milit\u00e4rt i Taiwan eftersom de skulle \u201dlida ett f\u00f6rkrossande nederlag\u201d.<\/p>\n<p>Japan har i sin tur sagt att Pekings reseavr\u00e5dan \u00e4r of\u00f6renlig med fr\u00e4mjandet av relationen mellan l\u00e4nderna.<\/p>\n<p>Omni \u00e4r politiskt obundna och oberoende. Vi str\u00e4var efter att ge fler perspektiv p\u00e5 nyheterna. Har du fr\u00e5gor eller synpunkter kring v\u00e5r rapportering? <a href=\"https:\/\/omni.se\/kina-avrader-fran-resor-till-japan-efter-taiwanbrak\/a\/mailto:redaktion@omni.se\" class=\"ArticleActions_contactLink__W2F1M\" rel=\"nofollow noopener\" target=\"_blank\">Kontakta redaktionen<\/a><\/p>\n","protected":false},"excerpt":{"rendered":"Kina uppmanar sina inv\u00e5nare att inte resa till Japan efter att landets nya premi\u00e4rminister Sanae Takaichi sagt att&hellip;\n","protected":false},"author":2,"featured_media":81526,"comment_status":"","ping_status":"","sticky":false,"template":"","format":"standard","meta":{"footnotes":""},"categories":[14],"tags":[420,22,23,26,27,17,21,2865,549,24,25,28,29,15,16,18,6636,34,31,33,32,30,846,19,20,51,52,53,54],"class_list":{"0":"post-81525","1":"post","2":"type-post","3":"status-publish","4":"format-standard","5":"has-post-thumbnail","7":"category-varlden","8":"tag-asien","9":"tag-breaking-news","10":"tag-breakingnews","11":"tag-featured-news","12":"tag-featurednews","13":"tag-headlines","14":"tag-huvudnyheter","15":"tag-japan","16":"tag-kina","17":"tag-latest-news","18":"tag-latestnews","19":"tag-main-news","20":"tag-mainnews","21":"tag-news","22":"tag-nyheter","23":"tag-rubriker","24":"tag-sanae-takaichi","25":"tag-se","26":"tag-svenska","27":"tag-sverige","28":"tag-sweden","29":"tag-swedish","30":"tag-taiwan","31":"tag-top-stories","32":"tag-topstories","33":"tag-varlden","34":"tag-world","35":"tag-world-news","36":"tag-worldnews"},"share_on_mastodon":{"url":"https:\/\/pubeurope.com\/@se\/115554964169825935","error":""},"_links":{"self":[{"href":"https:\/\/www.europesays.com\/se\/wp-json\/wp\/v2\/posts\/81525","targetHints":{"allow":["GET"]}}],"collection":[{"href":"https:\/\/www.europesays.com\/se\/wp-json\/wp\/v2\/posts"}],"about":[{"href":"https:\/\/www.europesays.com\/se\/wp-json\/wp\/v2\/types\/post"}],"author":[{"embeddable":true,"href":"https:\/\/www.europesays.com\/se\/wp-json\/wp\/v2\/users\/2"}],"replies":[{"embeddable":true,"href":"https:\/\/www.europesays.com\/se\/wp-json\/wp\/v2\/comments?post=81525"}],"version-history":[{"count":0,"href":"https:\/\/www.europesays.com\/se\/wp-json\/wp\/v2\/posts\/81525\/revisions"}],"wp:featuredmedia":[{"embeddable":true,"href":"https:\/\/www.europesays.com\/se\/wp-json\/wp\/v2\/media\/81526"}],"wp:attachment":[{"href":"https:\/\/www.europesays.com\/se\/wp-json\/wp\/v2\/media?parent=81525"}],"wp:term":[{"taxonomy":"category","embeddable":true,"href":"https:\/\/www.europesays.com\/se\/wp-json\/wp\/v2\/categories?post=81525"},{"taxonomy":"post_tag","embeddable":true,"href":"https:\/\/www.europesays.com\/se\/wp-json\/wp\/v2\/tags?post=81525"}],"curies":[{"name":"wp","href":"https:\/\/api.w.org\/{rel}","templated":true}]}}