{"id":81562,"date":"2025-11-15T19:02:12","date_gmt":"2025-11-15T19:02:12","guid":{"rendered":"https:\/\/www.europesays.com\/se\/81562\/"},"modified":"2025-11-15T19:02:12","modified_gmt":"2025-11-15T19:02:12","slug":"frolunda-lanar-ut-hugo-laring-till-vimmerby-shl","status":"publish","type":"post","link":"https:\/\/www.europesays.com\/se\/81562\/","title":{"rendered":"Fr\u00f6lunda l\u00e5nar ut Hugo Laring till Vimmerby | SHL"},"content":{"rendered":"<p>Publicerad 15 nov 2025 kl 19.26<\/p>\n<p>Vimmerby beh\u00f6ver en m\u00e5lvakt sedan Leksand kallat tillbaka Robin Christoffersson med tanke p\u00e5 skadan p\u00e5 Marcus Gidl\u00f6f.<\/p>\n<p>Nu l\u00e5nar Vimmerby i st\u00e4llet fr\u00e5n Fr\u00f6lunda, i form av 19-\u00e5rige Hugo Laring, erfar Expressen.<\/p>\n<p><img   alt=\"\"\/><\/p>\n<p>Hugo Laring.<\/p>\n<p>Foto: P\u00c4R OLERT \/ BILDBYR\u00c5N<\/p>\n<p>\u00d6ppna bild i helsk\u00e4rm<\/p>\n<p>Hugo Laring f\u00f6dd 2006, har varit ombytt, men aldrig spelat <a href=\"https:\/\/www.expressen.se\/tagg\/organization\/shl\/\" class=\"\" rel=\"nofollow noopener\" target=\"_blank\">SHL<\/a>-hockey f\u00f6r Fr\u00f6lunda, n\u00e4r man har Lasse Johansson och Tobias Normann framf\u00f6r.<\/p>\n<p>Nu kommer Laring dock f\u00e5 v\u00e4lbeh\u00f6vlig speltid, i Hockeyallsvenskan.<\/p>\n<p>Enligt uppgifter till Expressen \u00e4r man \u00f6verens med Vimmerby om en utl\u00e5ning tills vidare.<\/p>\n<p>Vimmerby beh\u00f6ver ha in en m\u00e5lvakt sedan Robin Christoffersson kallats tillbaka till Leksand, med tanke p\u00e5 att Marcus Gidl\u00f6f \u00e4r skadad fram till jul, och Christoffersson d\u00e4rf\u00f6r kommer att vara i Dalarna fram till dess.<\/p>\n","protected":false},"excerpt":{"rendered":"Publicerad 15 nov 2025 kl 19.26 Vimmerby beh\u00f6ver en m\u00e5lvakt sedan Leksand kallat tillbaka Robin Christoffersson med tanke&hellip;\n","protected":false},"author":2,"featured_media":81563,"comment_status":"","ping_status":"","sticky":false,"template":"","format":"standard","meta":{"footnotes":""},"categories":[5],"tags":[22,23,26,27,17,21,24,25,28,29,15,16,2174,641,1179,7520,18,34,255,823,31,33,32,30,19,20],"class_list":{"0":"post-81562","1":"post","2":"type-post","3":"status-publish","4":"format-standard","5":"has-post-thumbnail","7":"category-rubriker","8":"tag-breaking-news","9":"tag-breakingnews","10":"tag-featured-news","11":"tag-featurednews","12":"tag-headlines","13":"tag-huvudnyheter","14":"tag-latest-news","15":"tag-latestnews","16":"tag-main-news","17":"tag-mainnews","18":"tag-news","19":"tag-nyheter","20":"tag-organization-frolunda-hc","21":"tag-organization-hockeyallsvenskan","22":"tag-organization-shl","23":"tag-organization-vimmerby-hockey","24":"tag-rubriker","25":"tag-se","26":"tag-sections-ishockey","27":"tag-sections-shl","28":"tag-svenska","29":"tag-sverige","30":"tag-sweden","31":"tag-swedish","32":"tag-top-stories","33":"tag-topstories"},"share_on_mastodon":{"url":"https:\/\/pubeurope.com\/@se\/115555266896109888","error":""},"_links":{"self":[{"href":"https:\/\/www.europesays.com\/se\/wp-json\/wp\/v2\/posts\/81562","targetHints":{"allow":["GET"]}}],"collection":[{"href":"https:\/\/www.europesays.com\/se\/wp-json\/wp\/v2\/posts"}],"about":[{"href":"https:\/\/www.europesays.com\/se\/wp-json\/wp\/v2\/types\/post"}],"author":[{"embeddable":true,"href":"https:\/\/www.europesays.com\/se\/wp-json\/wp\/v2\/users\/2"}],"replies":[{"embeddable":true,"href":"https:\/\/www.europesays.com\/se\/wp-json\/wp\/v2\/comments?post=81562"}],"version-history":[{"count":0,"href":"https:\/\/www.europesays.com\/se\/wp-json\/wp\/v2\/posts\/81562\/revisions"}],"wp:featuredmedia":[{"embeddable":true,"href":"https:\/\/www.europesays.com\/se\/wp-json\/wp\/v2\/media\/81563"}],"wp:attachment":[{"href":"https:\/\/www.europesays.com\/se\/wp-json\/wp\/v2\/media?parent=81562"}],"wp:term":[{"taxonomy":"category","embeddable":true,"href":"https:\/\/www.europesays.com\/se\/wp-json\/wp\/v2\/categories?post=81562"},{"taxonomy":"post_tag","embeddable":true,"href":"https:\/\/www.europesays.com\/se\/wp-json\/wp\/v2\/tags?post=81562"}],"curies":[{"name":"wp","href":"https:\/\/api.w.org\/{rel}","templated":true}]}}