{"id":81564,"date":"2025-11-15T19:04:12","date_gmt":"2025-11-15T19:04:12","guid":{"rendered":"https:\/\/www.europesays.com\/se\/81564\/"},"modified":"2025-11-15T19:04:12","modified_gmt":"2025-11-15T19:04:12","slug":"egna-produkten-forlanger-med-skelleftea-betyder-mycket","status":"publish","type":"post","link":"https:\/\/www.europesays.com\/se\/81564\/","title":{"rendered":"Egna produkten f\u00f6rl\u00e4nger med Skellefte\u00e5 &#8221;Betyder mycket&#8221;"},"content":{"rendered":"<p><strong><a href=\"https:\/\/hockeysverige.se\/spelare\/zeb-forsfjall\" rel=\"nofollow noopener\" target=\"_blank\">Zeb Forsfj\u00e4ll<\/a> f\u00e5r forts\u00e4tta spela f\u00f6r klubben i sitt hj\u00e4rta. Inf\u00f6r l\u00f6rdagsm\u00f6tet med Djurg\u00e5rden presenterade <a href=\"https:\/\/hockeysverige.se\/klubb\/skelleftea-aik\/\" rel=\"nofollow noopener\" target=\"_blank\">Skellefte\u00e5<\/a> f\u00f6rl\u00e4ngningen. <br \/>\u2013\u00a0Det betyder mycket f\u00f6r mig att f\u00e5 forts\u00e4tta h\u00e4r, s\u00e4ger 20-\u00e5ringen sj\u00e4lv. <\/strong><\/p>\n<p><img loading=\"lazy\" decoding=\"async\" width=\"1024\" height=\"658\" src=\"https:\/\/www.europesays.com\/se\/wp-content\/uploads\/2025\/11\/Zeb-Forsfjall--1024x658.webp.webp\" alt=\"\" class=\"wp-image-325787\"  \/>Zeb Forsfj\u00e4ll f\u00f6rl\u00e4nger. <strong>Foto:<\/strong> Bildbyr\u00e5n och TV4 (sk\u00e4rmdump). <\/p>\n<p>En operation under v\u00e5ren gav en liten tyngre start p\u00e5 2025\/26-s\u00e4songen, men nu, efter att Zeb Forsfj\u00e4ll v\u00e4xlat upp, kommer det efterl\u00e4ngtade beskedet. <\/p>\n<p>20-\u00e5ringen med just Skellefte\u00e5 AIK som moderklubb f\u00f6rl\u00e4nger i samband med nedsl\u00e4pp mot Djurg\u00e5rden. Det nya avtalet \u00e4r skrivet till 2027\/28.<\/p>\n<p>\u2013 Det k\u00e4nns otroligt roligt att f\u00e5 forts\u00e4tta h\u00e4r hemma. Skellefte\u00e5 AIK \u00e4r f\u00f6reningen som jag har vuxit upp med, s\u00e5 det betyder mycket f\u00f6r mig att f\u00e5 forts\u00e4tta h\u00e4r. Jag trivs v\u00e4ldigt bra, b\u00e5de p\u00e5 och utanf\u00f6r isen och jag ser fram emot att forts\u00e4tta utvecklas i Skellefte\u00e5, s\u00e4ger Forsfj\u00e4ll sj\u00e4lv p\u00e5 lagets sajt. <br \/>\u2013 Jag vill forts\u00e4tta utveckla mitt offensiva spel och bli \u00e4nnu mer delaktig fram\u00e5t. Samtidigt vill jag bygga vidare p\u00e5 de delar av mitt spel som g\u00f6r mig stabil och p\u00e5litlig i alla situationer, forts\u00e4tter han. <\/p>\n<p>Forssell om Forsfj\u00e4ll: \u201dViktig roll bland v\u00e5ra yngre\u201d<\/p>\n<p>Forsfj\u00e4ll skrev sitt f\u00f6rsta A-lagskontrakt 2023. Nu \u00e4r han uppe i 115 grundseriematcher i SHL. <\/p>\n<p>\u2013 Det k\u00e4nns v\u00e4ldigt roligt att ha gjort klart med Zeb f\u00f6r en forts\u00e4ttning fram\u00e5t. Han \u00e4r en ung, driven spelare som alltid s\u00e4tter laget f\u00f6rst och g\u00f6r jobbet varje dag. Trots sin \u00e5lder har han redan skaffat sig mycket erfarenhet och har en viktig roll bland v\u00e5ra yngre spelare. Vi tror att han kommer att ta ytterligare kliv hos oss de kommande \u00e5ren, s\u00e4ger Skellefte\u00e5s GM, Erik Forssell.<\/p>\n<p>Zeb Forsfj\u00e4ll valdes av Seattle Kraken i NHL-draften 2023. <\/p>\n<p> Source: <a href=\"https:\/\/www.eliteprospects.com\/player\/648365\/zeb-forsfjall\" target=\"_blank\" rel=\"noopener noreferrer nofollow\">Zeb Forsfj\u00e4ll<\/a> @ Elite Prospects<\/p>\n","protected":false},"excerpt":{"rendered":"Zeb Forsfj\u00e4ll f\u00e5r forts\u00e4tta spela f\u00f6r klubben i sitt hj\u00e4rta. Inf\u00f6r l\u00f6rdagsm\u00f6tet med Djurg\u00e5rden presenterade Skellefte\u00e5 f\u00f6rl\u00e4ngningen. \u2013\u00a0Det&hellip;\n","protected":false},"author":2,"featured_media":81565,"comment_status":"","ping_status":"","sticky":false,"template":"","format":"standard","meta":{"footnotes":""},"categories":[68],"tags":[34,133,111,110,31,33,32,30],"class_list":{"0":"post-81564","1":"post","2":"type-post","3":"status-publish","4":"format-standard","5":"has-post-thumbnail","7":"category-sport","8":"tag-se","9":"tag-second-news","10":"tag-sport","11":"tag-sports","12":"tag-svenska","13":"tag-sverige","14":"tag-sweden","15":"tag-swedish"},"share_on_mastodon":{"url":"https:\/\/pubeurope.com\/@se\/115555274902871001","error":""},"_links":{"self":[{"href":"https:\/\/www.europesays.com\/se\/wp-json\/wp\/v2\/posts\/81564","targetHints":{"allow":["GET"]}}],"collection":[{"href":"https:\/\/www.europesays.com\/se\/wp-json\/wp\/v2\/posts"}],"about":[{"href":"https:\/\/www.europesays.com\/se\/wp-json\/wp\/v2\/types\/post"}],"author":[{"embeddable":true,"href":"https:\/\/www.europesays.com\/se\/wp-json\/wp\/v2\/users\/2"}],"replies":[{"embeddable":true,"href":"https:\/\/www.europesays.com\/se\/wp-json\/wp\/v2\/comments?post=81564"}],"version-history":[{"count":0,"href":"https:\/\/www.europesays.com\/se\/wp-json\/wp\/v2\/posts\/81564\/revisions"}],"wp:featuredmedia":[{"embeddable":true,"href":"https:\/\/www.europesays.com\/se\/wp-json\/wp\/v2\/media\/81565"}],"wp:attachment":[{"href":"https:\/\/www.europesays.com\/se\/wp-json\/wp\/v2\/media?parent=81564"}],"wp:term":[{"taxonomy":"category","embeddable":true,"href":"https:\/\/www.europesays.com\/se\/wp-json\/wp\/v2\/categories?post=81564"},{"taxonomy":"post_tag","embeddable":true,"href":"https:\/\/www.europesays.com\/se\/wp-json\/wp\/v2\/tags?post=81564"}],"curies":[{"name":"wp","href":"https:\/\/api.w.org\/{rel}","templated":true}]}}