{"id":81588,"date":"2025-11-15T19:32:17","date_gmt":"2025-11-15T19:32:17","guid":{"rendered":"https:\/\/www.europesays.com\/se\/81588\/"},"modified":"2025-11-15T19:32:17","modified_gmt":"2025-11-15T19:32:17","slug":"rysk-man-med-militarbakgrund-som-korsade-gransen-i-somras-har-utvisats-till-ryssland-inrikes","status":"publish","type":"post","link":"https:\/\/www.europesays.com\/se\/81588\/","title":{"rendered":"Rysk man med milit\u00e4rbakgrund som korsade gr\u00e4nsen i somras har utvisats till Ryssland | Inrikes"},"content":{"rendered":"<p class=\"aw-1gybjub aw-5vja16 kEtdKx kmuxyA yle__article__paragraph\">Enligt Yle Uutisets uppgifter r\u00f6r det sig om Wagner-soldaten som s\u00f6kte asyl i Finland i somras.<\/p>\n<p><img decoding=\"async\" alt=\"Skylt vid gr\u00e4nszon i skogen, med text p\u00e5 flera spr\u00e5k som uppmanar att stanna.\" src=\"https:\/\/www.europesays.com\/se\/wp-content\/uploads\/2025\/11\/39-14927596870f86f2318b.jpeg\" class=\"aw-1l9m598 hKVVvP\"\/><\/p>\n<p>\u00d6ppna bildvisare<\/p>\n<p>Mannen tog sig \u00f6ver gr\u00e4nsen n\u00e4ra V\u00e4livaara i Kides. Bild: Tanja Perkki\u00f6 \/ YleLyssna (du h\u00f6r en artificiell r\u00f6st) 1:14<\/p>\n<p class=\"aw-1gybjub aw-1p7kakr kEtdKx cEmitX yle__article__paragraph\">En rysk man som korsade gr\u00e4nsen till Finland tidigare i \u00e5r har skickats tillbaka till Ryssland, meddelar gr\u00e4nsbevakningsv\u00e4sendet i Norra Karelen.<\/p>\n<p class=\"aw-1gybjub aw-1p7kakr kEtdKx cEmitX yle__article__paragraph\">Enligt gr\u00e4nsbevakningsv\u00e4sendet har mannen milit\u00e4r bakgrund.<\/p>\n<p class=\"aw-1gybjub aw-1p7kakr kEtdKx cEmitX yle__article__paragraph\">Han greps efter att ha korsat gr\u00e4nsen olagligt den 17 juni i \u00e5r.<\/p>\n<p class=\"aw-1gybjub aw-1p7kakr kEtdKx cEmitX yle__article__paragraph\">Gr\u00e4nsbevakningen s\u00e4ger att man undantagsvis valt att ber\u00e4tta om en enskild utvisning, eftersom mannens bakgrund har diskuterats offentligt.<\/p>\n<p class=\"aw-1gybjub aw-1p7kakr kEtdKx cEmitX yle__article__paragraph\">Yle rapporterade i somras att en man som tidigare tj\u00e4nstgjort i den \u00f6k\u00e4nda ryska Wagner-gruppen tagit sig \u00f6ver gr\u00e4nsen och s\u00f6kt asyl i Finland.<\/p>\n<p class=\"aw-1gybjub aw-1p7kakr kEtdKx cEmitX yle__article__paragraph\">Enligt Yle Uutisets k\u00e4llor \u00e4r det samma man som nu har utvisats till Ryssland.<\/p>\n<p class=\"aw-1gybjub aw-1p7kakr kEtdKx cEmitX yle__article__paragraph\">Yle har hittat flera bildbevis som visar mannen i \u00f6stra Ukraina och d\u00e4r han ber\u00e4ttar om sitt deltagande i kriget.<\/p>\n<p class=\"aw-1gybjub aw-1p7kakr kEtdKx cEmitX yle__article__paragraph\">Mannen presenterar sig som Wagner-soldat p\u00e5 sitt offentliga konto i sociala medier. D\u00e4r har han nyligen ocks\u00e5 publicerat en video d\u00e4r han skarpt kritiserar Ryssland f\u00f6r behandlingen av sina soldater och f\u00f6r att ljuga f\u00f6r soldaternas anh\u00f6riga.<\/p>\n","protected":false},"excerpt":{"rendered":"Enligt Yle Uutisets uppgifter r\u00f6r det sig om Wagner-soldaten som s\u00f6kte asyl i Finland i somras. \u00d6ppna bildvisare&hellip;\n","protected":false},"author":2,"featured_media":81589,"comment_status":"","ping_status":"","sticky":false,"template":"","format":"standard","meta":{"footnotes":""},"categories":[14],"tags":[22,23,26,27,684,4874,7523,7521,17,21,683,1744,24,25,28,29,15,7522,16,18,1788,264,34,31,33,32,30,19,20,51,52,53,54],"class_list":{"0":"post-81588","1":"post","2":"type-post","3":"status-publish","4":"format-standard","5":"has-post-thumbnail","7":"category-varlden","8":"tag-breaking-news","9":"tag-breakingnews","10":"tag-featured-news","11":"tag-featurednews","12":"tag-finland","13":"tag-gransbevakningsvasendet","14":"tag-granser","15":"tag-gransovervakning","16":"tag-headlines","17":"tag-huvudnyheter","18":"tag-inrikes","19":"tag-kriget-i-ukraina","20":"tag-latest-news","21":"tag-latestnews","22":"tag-main-news","23":"tag-mainnews","24":"tag-news","25":"tag-norra-karelen","26":"tag-nyheter","27":"tag-rubriker","28":"tag-ryskt-anfall-mot-ukraina","29":"tag-ryssland","30":"tag-se","31":"tag-svenska","32":"tag-sverige","33":"tag-sweden","34":"tag-swedish","35":"tag-top-stories","36":"tag-topstories","37":"tag-varlden","38":"tag-world","39":"tag-world-news","40":"tag-worldnews"},"share_on_mastodon":{"url":"","error":"Validation failed: Text character limit of 500 exceeded"},"_links":{"self":[{"href":"https:\/\/www.europesays.com\/se\/wp-json\/wp\/v2\/posts\/81588","targetHints":{"allow":["GET"]}}],"collection":[{"href":"https:\/\/www.europesays.com\/se\/wp-json\/wp\/v2\/posts"}],"about":[{"href":"https:\/\/www.europesays.com\/se\/wp-json\/wp\/v2\/types\/post"}],"author":[{"embeddable":true,"href":"https:\/\/www.europesays.com\/se\/wp-json\/wp\/v2\/users\/2"}],"replies":[{"embeddable":true,"href":"https:\/\/www.europesays.com\/se\/wp-json\/wp\/v2\/comments?post=81588"}],"version-history":[{"count":0,"href":"https:\/\/www.europesays.com\/se\/wp-json\/wp\/v2\/posts\/81588\/revisions"}],"wp:featuredmedia":[{"embeddable":true,"href":"https:\/\/www.europesays.com\/se\/wp-json\/wp\/v2\/media\/81589"}],"wp:attachment":[{"href":"https:\/\/www.europesays.com\/se\/wp-json\/wp\/v2\/media?parent=81588"}],"wp:term":[{"taxonomy":"category","embeddable":true,"href":"https:\/\/www.europesays.com\/se\/wp-json\/wp\/v2\/categories?post=81588"},{"taxonomy":"post_tag","embeddable":true,"href":"https:\/\/www.europesays.com\/se\/wp-json\/wp\/v2\/tags?post=81588"}],"curies":[{"name":"wp","href":"https:\/\/api.w.org\/{rel}","templated":true}]}}