{"id":81590,"date":"2025-11-15T19:34:20","date_gmt":"2025-11-15T19:34:20","guid":{"rendered":"https:\/\/www.europesays.com\/se\/81590\/"},"modified":"2025-11-15T19:34:20","modified_gmt":"2025-11-15T19:34:20","slug":"vg-age-hareide-allvarligt-sjuk","status":"publish","type":"post","link":"https:\/\/www.europesays.com\/se\/81590\/","title":{"rendered":"VG: \u00c5ge Hareide allvarligt sjuk"},"content":{"rendered":"<p>Tidigare Helsingborgs IF-, \u00d6rgryte IS- och Malm\u00f6 FF-tr\u00e4naren \u00c5ge Hareide, 72, \u00e4r allvarligt sjuk. Det skriver norska VG och TV 2, samt Hareides\u00a0arbetsgivare NRK (Norges motsvarighet till SVT).<\/p>\n<p>St\u00e5le Solbakken, Norges f\u00f6rbundskapten, skickade en h\u00e4lsning till Hareide p\u00e5 en presskonferens under l\u00f6rdagen.<\/p>\n<p>&#8211; Jag skickar en h\u00e4lsning till \u00c5ge Hareide som utk\u00e4mpar sin kamp, sa Solbakken enligt VG.<\/p>\n<p>Enligt NRK sade Solbakken \u00e4ven:<\/p>\n<p>&#8211; Han skulle suttit med er h\u00e4r i dag. Han utk\u00e4mpar en h\u00e5rd kamp.<\/p>\n<p>VG skriver ocks\u00e5 att Solbakken f\u00e5tt till\u00e5telse av Hareide att g\u00e5 ut med en offentlig h\u00e4lsning.<\/p>\n<p>Solbakken var m\u00e4rkbart tagen p\u00e5 podiet, men ville inte g\u00e5 in p\u00e5 vad det \u00e4r f\u00f6r kamp som Hareide utk\u00e4mpar.<\/p>\n<p>&#8211; Nej, den \u00e4r privat. \u00c5ge m\u00e5ste g\u00f6ra det sj\u00e4lv. Jag s\u00e4ger bara att han utk\u00e4mpar sin kamp, sa Solbakken enligt VG.<\/p>\n<p>Solbakken ber\u00e4ttade \u00e4ven att Hareide \u00e4r p\u00e5 plats i Milano, d\u00e4r Norge VM-kvalar mot Italien p\u00e5 s\u00f6ndag kv\u00e4ll. F\u00f6rlust med \u00e5tta bollar eller mindre r\u00e4cker f\u00f6r att Norge ska bli VM-klart.<\/p>\n<p>&#8211; Han \u00e4r h\u00e4r i dag och ska se matchen. Kanske f\u00e5r vi se honom i omkl\u00e4dningsrummet innan matchen i morgon. Det har vi i alla fall pratat om. Jag \u00f6nskar \u00c5ge all lycka i den kamp han just nu st\u00e5r inf\u00f6r, sa Solbakken enligt NRK.<\/p>\n<p>NRK:s sportredakt\u00f6r\u00a0Espen Olsen Langfeldt s\u00e4ger i en kommentar p\u00e5 NRK:s hemsida:<\/p>\n<p>&#8211; Vi har varit medvetna om att \u00c5ge varit sjukskriven under en l\u00e4ngre tid. Hela NRK Sport h\u00e5ller tummarna f\u00f6r honom och vi \u00e4r v\u00e4ldigt glada \u00f6ver att han \u00e4r h\u00e4r i Milano. Allra helst skulle vi \u00f6nska att han jobbade ihop med oss.<\/p>\n<p>\u00c5ge Hareide tog SM-guld med Helsingborgs IF 1999 och med Malm\u00f6 FF \u00e5r 2014. Han ledde \u00e4ven MFF till tv\u00e5 raka Champions League-gruppspel, 2014 och 2015. Han hoppade ocks\u00e5 in som interimtr\u00e4nare f\u00f6r MFF \u00e5r 2022.<\/p>\n<p>Mellan 2003 och 2008 var Hareide norsk f\u00f6rbundskapten. Han har \u00e4ven varit f\u00f6rbundskapten f\u00f6r Danmark (2016-2020) och Island (2023-2024).<\/p>\n<p>Hareide har \u00e4ven vunnit ligatiteln i Danmark med Br\u00f8ndby och i Norge med Rosenborg.<\/p>\n<p><img loading=\"lazy\" decoding=\"async\" src=\"https:\/\/www.europesays.com\/se\/wp-content\/uploads\/2025\/11\/1763235260_4_ImageHandler.axd\" alt=\"\" width=\"930\" height=\"506\"\/><br \/>&#13;<br \/>\nSt\u00e5le Solbakken p\u00e5 kv\u00e4llens presskonferens. Foto: TT\/NTB.<\/p>\n","protected":false},"excerpt":{"rendered":"Tidigare Helsingborgs IF-, \u00d6rgryte IS- och Malm\u00f6 FF-tr\u00e4naren \u00c5ge Hareide, 72, \u00e4r allvarligt sjuk. Det skriver norska VG&hellip;\n","protected":false},"author":2,"featured_media":81591,"comment_status":"","ping_status":"","sticky":false,"template":"","format":"standard","meta":{"footnotes":""},"categories":[5],"tags":[22,23,26,27,17,21,24,25,28,29,15,16,18,34,31,33,32,30,19,20],"class_list":{"0":"post-81590","1":"post","2":"type-post","3":"status-publish","4":"format-standard","5":"has-post-thumbnail","7":"category-rubriker","8":"tag-breaking-news","9":"tag-breakingnews","10":"tag-featured-news","11":"tag-featurednews","12":"tag-headlines","13":"tag-huvudnyheter","14":"tag-latest-news","15":"tag-latestnews","16":"tag-main-news","17":"tag-mainnews","18":"tag-news","19":"tag-nyheter","20":"tag-rubriker","21":"tag-se","22":"tag-svenska","23":"tag-sverige","24":"tag-sweden","25":"tag-swedish","26":"tag-top-stories","27":"tag-topstories"},"share_on_mastodon":{"url":"https:\/\/pubeurope.com\/@se\/115555392887925756","error":""},"_links":{"self":[{"href":"https:\/\/www.europesays.com\/se\/wp-json\/wp\/v2\/posts\/81590","targetHints":{"allow":["GET"]}}],"collection":[{"href":"https:\/\/www.europesays.com\/se\/wp-json\/wp\/v2\/posts"}],"about":[{"href":"https:\/\/www.europesays.com\/se\/wp-json\/wp\/v2\/types\/post"}],"author":[{"embeddable":true,"href":"https:\/\/www.europesays.com\/se\/wp-json\/wp\/v2\/users\/2"}],"replies":[{"embeddable":true,"href":"https:\/\/www.europesays.com\/se\/wp-json\/wp\/v2\/comments?post=81590"}],"version-history":[{"count":0,"href":"https:\/\/www.europesays.com\/se\/wp-json\/wp\/v2\/posts\/81590\/revisions"}],"wp:featuredmedia":[{"embeddable":true,"href":"https:\/\/www.europesays.com\/se\/wp-json\/wp\/v2\/media\/81591"}],"wp:attachment":[{"href":"https:\/\/www.europesays.com\/se\/wp-json\/wp\/v2\/media?parent=81590"}],"wp:term":[{"taxonomy":"category","embeddable":true,"href":"https:\/\/www.europesays.com\/se\/wp-json\/wp\/v2\/categories?post=81590"},{"taxonomy":"post_tag","embeddable":true,"href":"https:\/\/www.europesays.com\/se\/wp-json\/wp\/v2\/tags?post=81590"}],"curies":[{"name":"wp","href":"https:\/\/api.w.org\/{rel}","templated":true}]}}