{"id":81628,"date":"2025-11-15T20:31:23","date_gmt":"2025-11-15T20:31:23","guid":{"rendered":"https:\/\/www.europesays.com\/se\/81628\/"},"modified":"2025-11-15T20:31:23","modified_gmt":"2025-11-15T20:31:23","slug":"zelenskyjs-toppmani-mystisk-landsflykt-pekas-ut-i-skandal","status":"publish","type":"post","link":"https:\/\/www.europesays.com\/se\/81628\/","title":{"rendered":"Zelenskyjs toppman\ni mystisk landsflykt\n\u2013 pekas ut i skandal"},"content":{"rendered":"<p>Publicerad 15 nov 2025 kl 19.38Uppdaterad kl 20.10<\/p>\n<p>Medarbetare n\u00e4ra Ukrainas president Volodymyr Zelenskyj anklagas f\u00f6r att ha berikat sig sj\u00e4lva via bygg- och energikontrakt och f\u00f6rskingrat n\u00e4rmare en miljard kronor.<\/p>\n<p>Samtidigt som stora delar av landet lider \u2013 och l\u00e4get vid fronten \u00e4r mer anstr\u00e4ngt \u00e4n p\u00e5 l\u00e4nge.<\/p>\n<p>Senaste klippen om kriget i Ukraina.<img   alt=\"\"\/><\/p>\n<p>En del av den apparatur som beslagtagits av antikorruptionsmyndigheten.<\/p>\n<p>Foto: NABU.<\/p>\n<p>\u00d6ppna bild i helsk\u00e4rm<img loading=\"lazy\"   alt=\"\"\/><\/p>\n<p>President Zelenskyj.<\/p>\n<p>Foto: Christine Olsson\/TT \/ TT NYHETSBYR\u00c5N<\/p>\n<p>\u00d6ppna bild i helsk\u00e4rm<\/p>\n<p>Det \u00e4r i en utredning fr\u00e5n den ukrainska antikorruptionsbyr\u00e5n NABU som anklagelserna presenteras: omfattande korruption och penningtv\u00e4ttverksamhet i den absoluta toppen av det ukrainska ledarskiktet, framf\u00f6r allt kopplat till det statliga energibolaget Energoatom.<\/p>\n<p>Totalt misst\u00e4nks n\u00e4rmare en miljard kronor ha f\u00f6rskingrats via ett uppl\u00e4gg d\u00e4r mellan 10 och 15 procent av ett bygg- eller energikontrakts v\u00e4rde betalats direkt till utvalda beslutsfattares fickor.<\/p>\n<p>Utredningen sl\u00e4pptes 11 november. Dagen innan flydde Zelenskyjs n\u00e4ra r\u00e5dgivare Timur Mindich \u2013 som pekas ut som en av hj\u00e4rnorna bakom uppl\u00e4gget \u2013 landet under inte helt klarlagda former, enligt <a href=\"https:\/\/www.pravda.com.ua\/news\/2025\/11\/10\/8006609\/\" rel=\"nofollow noopener\" target=\"_blank\">ukrainska Pravda<\/a>.<\/p>\n<p>ARTIKELN I KORTHET<\/p>\n<p> Personer i Zelenskyjs n\u00e4rmaste krets misst\u00e4nks ha f\u00f6rskingrat n\u00e4ra en miljard kronor via bygg- och energikontrakt kopplade till statliga Energoatom.<\/p>\n<p>\u2022 Tv\u00e5 ministrar har avg\u00e5tt och r\u00e5dgivaren Timur Mindich har l\u00e4mnat landet.<\/p>\n<p>\u2022 Uppr\u00f6rdheten \u00e4r stor d\u00e5 skandalen bryter ut mitt under energikris och h\u00e5rt pressad front.<\/p>\n<p>\u2022 Kritiker menar att korruptionen skadar moralen och riskerar urholka st\u00f6d fr\u00e5n v\u00e4st.<\/p>\n<p>Visa mer<\/p>\n<p>Tv\u00e5 av Zelenskyjs ministrar, justitieminister Herman Halusjtjenko och energiminister Svitlana Hryntjuk har redan l\u00e4mnat sina poster.<\/p>\n<p>Ilskan: \u201dPresidentens v\u00e4nner betalar f\u00f6r sina horor\u201d<\/p>\n<p>President Zelenskyj har gett uttryck f\u00f6r att man ska g\u00e5 till botten med vad som h\u00e4nt. Men l\u00e5ngtifr\u00e5n alla n\u00f6jer sig d\u00e4r. Flera personer som <a href=\"https:\/\/kyivindependent.com\/rage-panic-and-a-glimmer-of-hope-in-ukraine-as-corruption-scandal-unfolds\/\" rel=\"nofollow noopener\" target=\"_blank\">Kyiv Independent<\/a> talat med \u00e4r rej\u00e4lt uppr\u00f6rda och menar att korruptionsskandalen \u00e4r djupt skadligt f\u00f6r moralen bland folket \u2013 och \u00e4ven vid fronten.<\/p>\n<p>\u2013 Jag hoppas innerligt att n\u00e4sta steg visar att v\u00e5ra institutioner fungerar, och att varje korrupt skurk straffas av lagen och inte av arga, bev\u00e4pnade m\u00e4nniskor, s\u00e4ger en anonym dr\u00f6naroperat\u00f6r till tidningen.<\/p>\n<p>\u2013 Medan ukrainare sitter utan el i 16 timmar per dag tv\u00e4ttar de pengar, s\u00e4ger studenten Elizaveta Demidova.<\/p>\n<p>Den milit\u00e4ra volont\u00e4ren Mariia Berlinska skriver i en debattartikel i ukrainska Pravda att tajmingen \u00e4r s\u00e4llsynt d\u00e5lig givet det prek\u00e4ra l\u00e4get vid fronten.<\/p>\n<p>\u201dDet g\u00f6r ont att tro att presidentens v\u00e4nner samtidigt betalar f\u00f6r sina horor, dyra bilar och spenderar hundratals miljoner av v\u00e5ra pengar p\u00e5 nya villor.\u201d<\/p>\n<p>Riskerar att skada f\u00f6rtroendet<\/p>\n<p>President Zelenskyj har sedan han tilltr\u00e4dde varit tydlig med att han till varje pris vill bek\u00e4mpa korruptionen i vad som historiskt har ansetts vara ett av Europas mest korrupta l\u00e4nder.<\/p>\n<p>Den senaste korruptionsskandalen \u2013 som dessutom involverar flera personer n\u00e4ra honom sj\u00e4lv \u2013 riskerar att rasera delar av f\u00f6rtroendet fr\u00e5n <a href=\"https:\/\/www.expressen.se\/tagg\/location\/ukraina\/\" class=\"\" rel=\"nofollow noopener\" target=\"_blank\">Ukrainas<\/a> allierade, s\u00e4ger Taras Tjmut vid bist\u00e5ndsorganisationen Come Back Alive, till Kyiv Independent.<\/p>\n<p>\u2013 Korruptionsfr\u00e5gan i Ukraina kommer alltid upp vid internationella m\u00f6ten.<\/p>\n","protected":false},"excerpt":{"rendered":"Publicerad 15 nov 2025 kl 19.38Uppdaterad kl 20.10 Medarbetare n\u00e4ra Ukrainas president Volodymyr Zelenskyj anklagas f\u00f6r att ha&hellip;\n","protected":false},"author":2,"featured_media":81629,"comment_status":"","ping_status":"","sticky":false,"template":"","format":"standard","meta":{"footnotes":""},"categories":[5],"tags":[22,23,26,27,17,21,24,25,202,28,29,15,16,906,18,34,55,31,33,32,30,19,7533,20],"class_list":{"0":"post-81628","1":"post","2":"type-post","3":"status-publish","4":"format-standard","5":"has-post-thumbnail","7":"category-rubriker","8":"tag-breaking-news","9":"tag-breakingnews","10":"tag-featured-news","11":"tag-featurednews","12":"tag-headlines","13":"tag-huvudnyheter","14":"tag-latest-news","15":"tag-latestnews","16":"tag-location-ukraina","17":"tag-main-news","18":"tag-mainnews","19":"tag-news","20":"tag-nyheter","21":"tag-person-volodymyr-zelenskyj","22":"tag-rubriker","23":"tag-se","24":"tag-sections-varlden","25":"tag-svenska","26":"tag-sverige","27":"tag-sweden","28":"tag-swedish","29":"tag-top-stories","30":"tag-topic-muta-korruption","31":"tag-topstories"},"share_on_mastodon":{"url":"https:\/\/pubeurope.com\/@se\/115555616892056955","error":""},"_links":{"self":[{"href":"https:\/\/www.europesays.com\/se\/wp-json\/wp\/v2\/posts\/81628","targetHints":{"allow":["GET"]}}],"collection":[{"href":"https:\/\/www.europesays.com\/se\/wp-json\/wp\/v2\/posts"}],"about":[{"href":"https:\/\/www.europesays.com\/se\/wp-json\/wp\/v2\/types\/post"}],"author":[{"embeddable":true,"href":"https:\/\/www.europesays.com\/se\/wp-json\/wp\/v2\/users\/2"}],"replies":[{"embeddable":true,"href":"https:\/\/www.europesays.com\/se\/wp-json\/wp\/v2\/comments?post=81628"}],"version-history":[{"count":0,"href":"https:\/\/www.europesays.com\/se\/wp-json\/wp\/v2\/posts\/81628\/revisions"}],"wp:featuredmedia":[{"embeddable":true,"href":"https:\/\/www.europesays.com\/se\/wp-json\/wp\/v2\/media\/81629"}],"wp:attachment":[{"href":"https:\/\/www.europesays.com\/se\/wp-json\/wp\/v2\/media?parent=81628"}],"wp:term":[{"taxonomy":"category","embeddable":true,"href":"https:\/\/www.europesays.com\/se\/wp-json\/wp\/v2\/categories?post=81628"},{"taxonomy":"post_tag","embeddable":true,"href":"https:\/\/www.europesays.com\/se\/wp-json\/wp\/v2\/tags?post=81628"}],"curies":[{"name":"wp","href":"https:\/\/api.w.org\/{rel}","templated":true}]}}