{"id":81632,"date":"2025-11-15T20:34:12","date_gmt":"2025-11-15T20:34:12","guid":{"rendered":"https:\/\/www.europesays.com\/se\/81632\/"},"modified":"2025-11-15T20:34:12","modified_gmt":"2025-11-15T20:34:12","slug":"farah-abadi-har-separerat-livet-som-singel-panik","status":"publish","type":"post","link":"https:\/\/www.europesays.com\/se\/81632\/","title":{"rendered":"Farah Abadi har separerat \u2013 livet som singel: \u201dPanik\u201d"},"content":{"rendered":"<p>Publicerad 15 nov 2025 kl 21.30<\/p>\n<p>Farah Abadi \u00e4r singel.<\/p>\n<p>Programledaren ber\u00e4ttar nu om det jobbiga dejtinglivet \u2013 och om sitt vattent\u00e4ta k\u00e4rleksknep.<\/p>\n<p>\u2013 Alla killar som n\u00e5gonsin har varit k\u00e4ra i mig har blivit k\u00e4ra f\u00f6r att jag har ett trick, s\u00e4ger Abadi i <a href=\"https:\/\/www.sverigesradio.se\/dilemmajouren-med-farah\" rel=\"nofollow noopener\" target=\"_blank\">Dilemmajouren i P4<\/a>.<\/p>\n<p><img   alt=\"\"\/><\/p>\n<p>Farah Abadi.<\/p>\n<p>Foto: Caisa Rasmussen \/ TT NYHETSBYR\u00c5N<\/p>\n<p>\u00d6ppna bild i helsk\u00e4rm<img loading=\"lazy\"   alt=\"\"\/><\/p>\n<p>Farah Abadi har h\u00e5llit sin sambo utanf\u00f6r rampljuset.<\/p>\n<p>Foto: NILS PETTER NILSSON \/ TT NYHETSBYR\u00c5N<\/p>\n<p>\u00d6ppna bild i helsk\u00e4rm<\/p>\n<p>Programledaren <a href=\"https:\/\/www.expressen.se\/tagg\/person\/farah-abadi\/\" class=\"\" rel=\"nofollow noopener\" target=\"_blank\">Farah Abadi<\/a>, 38, har separerat fr\u00e5n sin sambo Johan.<\/p>\n<p>Exparet har tv\u00e5 barn ihop.<\/p>\n<p>Den tidigare Melloprogramledaren har nu gett dig ut p\u00e5 dejtingmarknanden \u2013 vilket hon inte gillar.<\/p>\n<p>\u2013 Man t\u00e4nker inte det om mig men jag \u00e4r v\u00e4ldigt blyg. Om n\u00e5gon visar intresse f\u00f6r mig, d\u00e5 f\u00e5r jag fullst\u00e4ndig panik. Jag vet inte vad man g\u00f6r. Hur g\u00f6r man? s\u00e4ger hon till panelmedlemmarna i \u201dDilemmajouren i P4\u201d Edward Blom, Carina Bergfeldt och Markiz Tainton.<\/p>\n<p>\u2013 Du beh\u00f6ver ju l\u00e4ra dig nu. Du har \u00e4nd\u00e5 separerat, s\u00e5 d\u00e5 \u00e4r det \u00e4nd\u00e5 bra att du kan ha lite koll, svarar Carina Bergfeldt.<\/p>\n<p>Ville inte separera<\/p>\n<p>Abadi ber\u00e4ttar att hon tycker det \u00e4r pinsamt om n\u00e5gon \u00e4r intresserad men \u00e4r samtidigt r\u00e4dd att sk\u00e4mma ut sig som om n\u00e5gon inte skulle vara intresserad.<\/p>\n<p>\u2013 En anledning till varf\u00f6r jag inte ville separera var f\u00f6r att jag inte vet hur man tr\u00e4ffar en ny typ, s\u00e4ger Farah.<\/p>\n<p>Avsl\u00f6jar hemliga k\u00e4rlekstricket<\/p>\n<p>Programledaren avsl\u00f6jar \u00e4ven att hon har ett stens\u00e4kert trick f\u00f6r att f\u00e5 killar att bli k\u00e4ra i henne.<\/p>\n<p>\u2013 Mitt trick \u00e4r att jag tar hem dem till mig och sen lagar jag den absolut b\u00e4sta killm\u00e5ltiden jag n\u00e5gonsin kan komma p\u00e5. Det \u00e4r k\u00f6tt, det \u00e4r potatis, det \u00e4r s\u00e5s med j\u00e4ttemycket gr\u00e4dde. Det \u00e4r efterr\u00e4tt som aldrig n\u00e5gonsin tar slut. Efter\u00e5t har jag gett dem en inblick i hur v\u00e5rt liv blir i framtiden, f\u00f6rklarar Adabi.<\/p>\n<p>38-\u00e5ringen har dock insett att tricket inte lockar till sig killar som hon vill ha. Hon m\u00e5ste d\u00e4rf\u00f6r komma p\u00e5 ett nytt trick, konstaterar panelen. <\/p>\n","protected":false},"excerpt":{"rendered":"Publicerad 15 nov 2025 kl 21.30 Farah Abadi \u00e4r singel. Programledaren ber\u00e4ttar nu om det jobbiga dejtinglivet \u2013&hellip;\n","protected":false},"author":2,"featured_media":81633,"comment_status":"","ping_status":"","sticky":false,"template":"","format":"standard","meta":{"footnotes":""},"categories":[67],"tags":[104,3441,34,31,33,32,30,546,547,105],"class_list":{"0":"post-81632","1":"post","2":"type-post","3":"status-publish","4":"format-standard","5":"has-post-thumbnail","7":"category-underhallning","8":"tag-entertainment","9":"tag-person-farah-abadi","10":"tag-se","11":"tag-svenska","12":"tag-sverige","13":"tag-sweden","14":"tag-swedish","15":"tag-topic-dejting","16":"tag-topic-karlek-relationer","17":"tag-underhallning"},"share_on_mastodon":{"url":"https:\/\/pubeurope.com\/@se\/115555628682149133","error":""},"_links":{"self":[{"href":"https:\/\/www.europesays.com\/se\/wp-json\/wp\/v2\/posts\/81632","targetHints":{"allow":["GET"]}}],"collection":[{"href":"https:\/\/www.europesays.com\/se\/wp-json\/wp\/v2\/posts"}],"about":[{"href":"https:\/\/www.europesays.com\/se\/wp-json\/wp\/v2\/types\/post"}],"author":[{"embeddable":true,"href":"https:\/\/www.europesays.com\/se\/wp-json\/wp\/v2\/users\/2"}],"replies":[{"embeddable":true,"href":"https:\/\/www.europesays.com\/se\/wp-json\/wp\/v2\/comments?post=81632"}],"version-history":[{"count":0,"href":"https:\/\/www.europesays.com\/se\/wp-json\/wp\/v2\/posts\/81632\/revisions"}],"wp:featuredmedia":[{"embeddable":true,"href":"https:\/\/www.europesays.com\/se\/wp-json\/wp\/v2\/media\/81633"}],"wp:attachment":[{"href":"https:\/\/www.europesays.com\/se\/wp-json\/wp\/v2\/media?parent=81632"}],"wp:term":[{"taxonomy":"category","embeddable":true,"href":"https:\/\/www.europesays.com\/se\/wp-json\/wp\/v2\/categories?post=81632"},{"taxonomy":"post_tag","embeddable":true,"href":"https:\/\/www.europesays.com\/se\/wp-json\/wp\/v2\/tags?post=81632"}],"curies":[{"name":"wp","href":"https:\/\/api.w.org\/{rel}","templated":true}]}}