{"id":81677,"date":"2025-11-15T21:34:08","date_gmt":"2025-11-15T21:34:08","guid":{"rendered":"https:\/\/www.europesays.com\/se\/81677\/"},"modified":"2025-11-15T21:34:08","modified_gmt":"2025-11-15T21:34:08","slug":"anton-wedins-sjalvkritik-inte-varit-tillrackligt-bra","status":"publish","type":"post","link":"https:\/\/www.europesays.com\/se\/81677\/","title":{"rendered":"Anton Wedins sj\u00e4lvkritik: \u201dInte varit tillr\u00e4ckligt bra\u201d"},"content":{"rendered":"<p>Publicerad 15 nov 2025 kl 21.25<\/p>\n<p>Anton Wedin blev tv\u00e5m\u00e5lsskytt mot Fr\u00f6lunda.<\/p>\n<p>Men han ser tillbaka p\u00e5 en h\u00f6st d\u00e4r det inte st\u00e4mt fullt ut.<\/p>\n<p>\u2013 Det har absolut varit frustrerande, konstaterar Timr\u00e5forwarden.<\/p>\n<p>Timr\u00e5 vann efter rysare<img loading=\"lazy\"   alt=\"\"\/> <\/p>\n<p>Foto: P\u00c4R OLERT \/ BILDBYR\u00c5N<\/p>\n<p>\u00d6ppna bild i helsk\u00e4rm<img loading=\"lazy\"   alt=\"\"\/> <\/p>\n<p>Foto: P\u00c4R OLERT \/ BILDBYR\u00c5N<\/p>\n<p>\u00d6ppna bild i helsk\u00e4rm<\/p>\n<p>M\u00e5lskyttet har g\u00e4ckat Timr\u00e5 under hela h\u00f6sten.<\/p>\n<p>Trots att laget skapat mycket offensivt har man haft sv\u00e5rt att f\u00e5 in puckarna bakom motst\u00e5ndarnas m\u00e5lvakter.<\/p>\n<p>Artikeln i korthet<\/p>\n<p> Timr\u00e5 har haft stora problem med m\u00e5lskyttet under h\u00f6sten.<\/p>\n<p> Anton Wedin \u00e4r en av spelarna som haft sv\u00e5rt att f\u00e5 in pucken, men mot Fr\u00f6lunda blev han tv\u00e5m\u00e5lsskytt.<\/p>\n<p> Samtidigt \u00e4r han sj\u00e4lvkritisk till den tunga h\u00f6sten.<\/p>\n<p>Visa mer<\/p>\n<p>Jonathan Dahl\u00e9n och Eddie Genborg har varit de stora stj\u00e4rnorna som burit laget m\u00e5lm\u00e4ssigt, men breddproduktionen, fr\u00e5n spelarna l\u00e4ngre ner i hierarkin, har till stor del uteblivit.<\/p>\n<p>Inf\u00f6r m\u00f6tet mot Fr\u00f6lunda p\u00e5 l\u00f6rdagskv\u00e4llen stod Timr\u00e5 p\u00e5 41 m\u00e5l totalt fram\u00e5t. Av dem hade Dahl\u00e9n och Genborg gjort 17.<\/p>\n<p>Ingen annan av lagkamraterna hade inf\u00f6r kv\u00e4llen gjort fler \u00e4n tre m\u00e5l fram\u00e5t.<\/p>\n<p>\u2013 M\u00e5lskyttet \u00e4r inget vi varit bortsk\u00e4mda med, konstaterar Timr\u00e5s assisterande tr\u00e4nare Morten Madsen.<\/p>\n<p>Men mot Fr\u00f6lunda v\u00e4nde och vann laget efter fyra m\u00e5l i den tredje perioden.<\/p>\n<p>\u2013 Det \u00e4r n\u00e5got vi har f\u00e5tt kriga f\u00f6r. Att f\u00e5 en islossning s\u00e5 h\u00e4r p\u00e5 hemmaplan \u00e4r j\u00e4tteh\u00e4rligt, s\u00e4ger Anton Wedin efter segern.<\/p>\n<p>\u201dM\u00e5ste bidra\u201d<\/p>\n<p>Han blev sj\u00e4lv tv\u00e5m\u00e5lsskytt efter en relativt tung inledning p\u00e5 s\u00e4songen.<\/p>\n<p>\u2013 Det \u00e4r j\u00e4ttesk\u00f6nt att k\u00e4nna att man \u00e4r med och bidrar till laget. Det k\u00e4nns som att det har kr\u00e4vts tio m\u00e5lchanser f\u00f6r att f\u00e5 in en enda puck. Vi har haft bra spel i kedjan \u00f6ver l\u00e5ng tid och jag k\u00e4nner att vi som lag f\u00f6rtj\u00e4nar det h\u00e4r lite, s\u00e4ger Wedin.<\/p>\n<p><strong>Det var ett tag sedan du gjorde tv\u00e5 m\u00e5l i en och samma match?<\/strong><\/p>\n<p>\u2013 Jag minns att jag gjorde tre m\u00e5l i sista grundseriematchen ifjol, men det var ett tag sedan. Det kan man s\u00e4ga.<\/p>\n<p>Wedin som \u00e4r en av spelarna som f\u00f6rv\u00e4ntas b\u00e4ra Timr\u00e5 offensivt hade inf\u00f6r matchen mot Fr\u00f6lunda bara gjort \u00e5tta po\u00e4ng, varav tre m\u00e5l, p\u00e5 de inledande 19 matcherna.<\/p>\n<p>\u2013 Det har absolut varit frustrerande. M\u00e5l \u00e4r n\u00e5got jag k\u00e4nner att jag vill och m\u00e5ste bidra med. Jag har k\u00e4nt att det inte varit tillr\u00e4ckligt bra. Det \u00e4r n\u00e5got man vet om. Det g\u00e4ller bara att jobba h\u00e5rdare och forts\u00e4tta bidra med allt man kan varje match.<\/p>\n<p>Han f\u00f6rs\u00f6ker s\u00e4tta ord p\u00e5 vad det generellt \u00e4r som inte st\u00e4mt f\u00f6r laget kring m\u00e5lskyttet hittills.<\/p>\n<p>\u2013 Det \u00e4r den d\u00e4r sista touchen som har saknats lite. Det handlar lite om kvalitet, men ocks\u00e5 tillf\u00e4lligheter s\u00e5 klart. Det \u00e4r s\u00e4llan bara en enda grej.\u00a0<\/p>\n<p>Samtidigt \u00e4r Wedin optimistisk.<\/p>\n<p>\u2013 Spelar man bra s\u00e5 brukar det sl\u00e4ppa och i dag var det grymt bra.\u00a0<\/p>\n<p>Han konstaterar med ett leende:<\/p>\n<p>\u2013 Som n\u00e4r Hartmann ger mig \u00f6ppet m\u00e5l d\u00e4r, d\u00e5 \u00e4r det inte mycket att tveka p\u00e5. Det \u00e4r bara att nypa till. Ibland \u00e4r det b\u00e4sta bara att blunda och skjuta.<\/p>\n","protected":false},"excerpt":{"rendered":"Publicerad 15 nov 2025 kl 21.25 Anton Wedin blev tv\u00e5m\u00e5lsskytt mot Fr\u00f6lunda. Men han ser tillbaka p\u00e5 en&hellip;\n","protected":false},"author":2,"featured_media":81678,"comment_status":"","ping_status":"","sticky":false,"template":"","format":"standard","meta":{"footnotes":""},"categories":[68],"tags":[2154,34,255,823,111,110,31,33,32,30],"class_list":{"0":"post-81677","1":"post","2":"type-post","3":"status-publish","4":"format-standard","5":"has-post-thumbnail","7":"category-sport","8":"tag-organization-timra-ik","9":"tag-se","10":"tag-sections-ishockey","11":"tag-sections-shl","12":"tag-sport","13":"tag-sports","14":"tag-svenska","15":"tag-sverige","16":"tag-sweden","17":"tag-swedish"},"share_on_mastodon":{"url":"https:\/\/pubeurope.com\/@se\/115555864684562952","error":""},"_links":{"self":[{"href":"https:\/\/www.europesays.com\/se\/wp-json\/wp\/v2\/posts\/81677","targetHints":{"allow":["GET"]}}],"collection":[{"href":"https:\/\/www.europesays.com\/se\/wp-json\/wp\/v2\/posts"}],"about":[{"href":"https:\/\/www.europesays.com\/se\/wp-json\/wp\/v2\/types\/post"}],"author":[{"embeddable":true,"href":"https:\/\/www.europesays.com\/se\/wp-json\/wp\/v2\/users\/2"}],"replies":[{"embeddable":true,"href":"https:\/\/www.europesays.com\/se\/wp-json\/wp\/v2\/comments?post=81677"}],"version-history":[{"count":0,"href":"https:\/\/www.europesays.com\/se\/wp-json\/wp\/v2\/posts\/81677\/revisions"}],"wp:featuredmedia":[{"embeddable":true,"href":"https:\/\/www.europesays.com\/se\/wp-json\/wp\/v2\/media\/81678"}],"wp:attachment":[{"href":"https:\/\/www.europesays.com\/se\/wp-json\/wp\/v2\/media?parent=81677"}],"wp:term":[{"taxonomy":"category","embeddable":true,"href":"https:\/\/www.europesays.com\/se\/wp-json\/wp\/v2\/categories?post=81677"},{"taxonomy":"post_tag","embeddable":true,"href":"https:\/\/www.europesays.com\/se\/wp-json\/wp\/v2\/tags?post=81677"}],"curies":[{"name":"wp","href":"https:\/\/api.w.org\/{rel}","templated":true}]}}