{"id":81714,"date":"2025-11-15T22:26:09","date_gmt":"2025-11-15T22:26:09","guid":{"rendered":"https:\/\/www.europesays.com\/se\/81714\/"},"modified":"2025-11-15T22:26:09","modified_gmt":"2025-11-15T22:26:09","slug":"efter-galna-vandningen-kanske-far-ta-en-bira-ikvall","status":"publish","type":"post","link":"https:\/\/www.europesays.com\/se\/81714\/","title":{"rendered":"Efter galna v\u00e4ndningen: &#8221;Kanske f\u00e5r ta en bira ikv\u00e4ll&#8221;"},"content":{"rendered":"<p><strong>Trots 0\u20132 med 15 minuter kvar vann <a href=\"https:\/\/hockeysverige.se\/klubb\/timra-ik\" rel=\"nofollow noopener\" target=\"_blank\">Timr\u00e5<\/a> med 4\u20132 mot Fr\u00f6lunda. Efter\u00e5t hade Sebastian Hartmann sedan br\u00e5ttom fr\u00e5n intervjun.<\/strong><br \/><strong>\u2013 Sk\u00f6nt att v\u00e4nda en l\u00f6rdag. Man kanske f\u00e5r ta en bira ikv\u00e4ll, s\u00e4ger han i TV4.<\/strong><\/p>\n<p><img loading=\"lazy\" decoding=\"async\" width=\"1024\" height=\"658\" src=\"https:\/\/www.europesays.com\/se\/wp-content\/uploads\/2025\/11\/Hartmann-1024x658.webp.webp\" alt=\"\" class=\"wp-image-326083\"  \/>Anton Wedin och Sebastian Hartmann. <strong>Foto<\/strong>: Bildbyr\u00e5n\/P\u00e4r Olert och TV4 (sk\u00e4rmdump).<\/p>\n<p>\u201dDet \u00e4r v\u00e4l ganska d\u00e5ligt, skulle jag s\u00e4ga. Vi har inte gjort mycket r\u00e4tt\u201d<\/p>\n<p>Trots ovanst\u00e5ende ord fr\u00e5n Christian Folin hade Fr\u00f6lunda en 1\u20130-ledning mot Timr\u00e5 n\u00e4r endast 20 minuter var kvar att spela av l\u00f6rdagsm\u00f6tet. Theodor Niederbach var d\u00e5 den enda m\u00e5lskytten i matchen, men i TV4-studion var experterna \u00f6verens om att Timr\u00e5 hade varit det b\u00e4ttre laget. 20 minuter senare hade de f\u00e5tt r\u00e4tt. <\/p>\n<p>Trots att Ivar Stenberg ut\u00f6kade till 2\u20130 tidigt i tredje var det hemmalaget som drog det l\u00e4ngsta str\u00e5et genom en <a href=\"https:\/\/stats.swehockey.se\/Game\/Events\/1004628\" rel=\"nofollow noopener\" target=\"_blank\">4\u20132-vinst.<\/a><\/p>\n<p>\u2013 Sk\u00f6nt f\u00f6r Hartmann. Vid den d\u00e4r assisten var det en dr\u00f6mpassning bakom ryggen, till Wedin, och \u00e4ven Wedin som haft det tungt f\u00e5r g\u00f6ra tv\u00e5 m\u00e5l. Det \u00e4r m\u00e5nga bra saker f\u00f6r Timr\u00e5 den h\u00e4r kv\u00e4llen, s\u00e4ger TV4:s expert Petter R\u00f6nnqvist i s\u00e4ndningen av matchen och forts\u00e4tter.<br \/>\u2013 Det h\u00e4r s\u00e4ttet som man v\u00e4nder den tredje perioden\u2026 det v\u00e4xer man av ocks\u00e5. Timr\u00e5 \u00e4r starka hemma och har \u00f6verraskat m\u00e5nga med det stabila f\u00f6rsvarsspelet som r\u00e4ckt v\u00e4ldigt l\u00e5ngt f\u00f6r dem. Det \u00e4r ett helt annat Timr\u00e5 i \u00e5r. Det \u00e4r mer balanserat. <\/p>\n<p>Hartmann: \u201dMan kanske f\u00e5r ta en bira ikv\u00e4ll\u201d<\/p>\n<p>Anton Wedin var den som gjorde b\u00e5de 2\u20132 och 3\u20132, men \u00e4nd\u00e5 var Sebastian Hartmann den stora f\u00f6rgrundsfiguren med den d\u00e4r l\u00e4ckra passen till 2\u20132, sin totala insats som \u00e4ven gav 4\u20132-m\u00e5let \u2013 samt svaren i intervjun efter slutsignal. <\/p>\n<p>\u2013\u00a0Det var kul. Vi hoppade tillbaka p\u00e5 t\u00e5get, vi gick ut och krigade f\u00f6r varandra, \u00e5ker mycket skridskor och d\u00e5 h\u00e4nder det bra grejer. Sen m\u00e5ste man alltid tro p\u00e5 processen ocks\u00e5 inf\u00f6r tredje, n\u00e4r vi ligger under. Sk\u00f6nt att v\u00e4nda en l\u00f6rdag. Man kanske f\u00e5r ta en bira ikv\u00e4ll, s\u00e4ger han i TV4. <\/p>\n","protected":false},"excerpt":{"rendered":"Trots 0\u20132 med 15 minuter kvar vann Timr\u00e5 med 4\u20132 mot Fr\u00f6lunda. Efter\u00e5t hade Sebastian Hartmann sedan br\u00e5ttom&hellip;\n","protected":false},"author":2,"featured_media":81715,"comment_status":"","ping_status":"","sticky":false,"template":"","format":"standard","meta":{"footnotes":""},"categories":[68],"tags":[34,133,134,111,110,31,33,32,30],"class_list":{"0":"post-81714","1":"post","2":"type-post","3":"status-publish","4":"format-standard","5":"has-post-thumbnail","7":"category-sport","8":"tag-se","9":"tag-second-news","10":"tag-shl","11":"tag-sport","12":"tag-sports","13":"tag-svenska","14":"tag-sverige","15":"tag-sweden","16":"tag-swedish"},"share_on_mastodon":{"url":"https:\/\/pubeurope.com\/@se\/115556069309106451","error":""},"_links":{"self":[{"href":"https:\/\/www.europesays.com\/se\/wp-json\/wp\/v2\/posts\/81714","targetHints":{"allow":["GET"]}}],"collection":[{"href":"https:\/\/www.europesays.com\/se\/wp-json\/wp\/v2\/posts"}],"about":[{"href":"https:\/\/www.europesays.com\/se\/wp-json\/wp\/v2\/types\/post"}],"author":[{"embeddable":true,"href":"https:\/\/www.europesays.com\/se\/wp-json\/wp\/v2\/users\/2"}],"replies":[{"embeddable":true,"href":"https:\/\/www.europesays.com\/se\/wp-json\/wp\/v2\/comments?post=81714"}],"version-history":[{"count":0,"href":"https:\/\/www.europesays.com\/se\/wp-json\/wp\/v2\/posts\/81714\/revisions"}],"wp:featuredmedia":[{"embeddable":true,"href":"https:\/\/www.europesays.com\/se\/wp-json\/wp\/v2\/media\/81715"}],"wp:attachment":[{"href":"https:\/\/www.europesays.com\/se\/wp-json\/wp\/v2\/media?parent=81714"}],"wp:term":[{"taxonomy":"category","embeddable":true,"href":"https:\/\/www.europesays.com\/se\/wp-json\/wp\/v2\/categories?post=81714"},{"taxonomy":"post_tag","embeddable":true,"href":"https:\/\/www.europesays.com\/se\/wp-json\/wp\/v2\/tags?post=81714"}],"curies":[{"name":"wp","href":"https:\/\/api.w.org\/{rel}","templated":true}]}}