{"id":81720,"date":"2025-11-15T22:40:22","date_gmt":"2025-11-15T22:40:22","guid":{"rendered":"https:\/\/www.europesays.com\/se\/81720\/"},"modified":"2025-11-15T22:40:22","modified_gmt":"2025-11-15T22:40:22","slug":"superstjarnan-skadad-pa-lagmiddagen-hockeysverige-se","status":"publish","type":"post","link":"https:\/\/www.europesays.com\/se\/81720\/","title":{"rendered":"Superstj\u00e4rnan skadad \u2013 p\u00e5 lagmiddagen &#8211; hockeysverige.se"},"content":{"rendered":"<ol>\n<li><a href=\"https:\/\/news.google.com\/rss\/articles\/CBMibkFVX3lxTE9tQXNtbkdyczBGUEFCLVVzZHFwWlpFS1pRcHhtbTJoNmtqWnd5OGNPYjhfc3lPbTczUEJzV2JCdFI3eFhtV3FkM280X3JnOVNVZGhqS0dqX2Z5UjVNNVhWaTBibUJ3X0JTb05mWjhn?oc=5\" target=\"_blank\" rel=\"nofollow noopener\">Superstj\u00e4rnan skadad \u2013 p\u00e5 lagmiddagen<\/a>&nbsp;&nbsp;hockeysverige.se<\/li>\n<li><a href=\"https:\/\/news.google.com\/rss\/articles\/CBMiqwFBVV95cUxOS0RXSVZWU2JycHZSX0RLT1NMZU5fSGlRcU9iTzVQVVIxRy1BbG5FZHpLcDR0UkR3ek9WVDdWV2dBQmlxWGtqZzFjOW1lalFFWF8xVEN3U00yNUpVeEdST29lN29wZDFlSjFqQzdmR2FiLUVGMVF2RmlnWXJ4b2VMZGNwMjgyaFlsOEFiTHA0RGkxZUtuWHEtOThaUWVySGpTai1Va1ZZNms4ODQ?oc=5\" target=\"_blank\" rel=\"nofollow noopener\">Stj\u00e4rnan skadad under lagmiddag<\/a>&nbsp;&nbsp;Aftonbladet<\/li>\n<li><a href=\"https:\/\/news.google.com\/rss\/articles\/CBMilAFBVV95cUxOdV9xdEJzYVJFSE8zN3NtQ0JFZGRNVThIS042SEJIUV9FaV8tWm1qOW13RHdMN0MwNERncHI5Q2cwdkR1YUgyX005VlZRdFZIRVh2aHFDUm5qb0ptS0RhWG9hSi1iYVdORDZwMGZ2WGJicXp5UVJ4SVc5NE9RU21UUTBjejhERFZ6Ylk1SEx1NzZBbmlH?oc=5\" target=\"_blank\" rel=\"nofollow noopener\">Ishockey: Stj\u00e4rnan skadad under middag \u2013 har opererats \u2013 Senaste nytt: NHL<\/a>&nbsp;&nbsp;SVT Nyheter<\/li>\n<li><a href=\"https:\/\/news.google.com\/rss\/articles\/CBMickFVX3lxTE8tV09uNW9YT0x1U1ZQbXhuSE44TFJaeVRHbTVISi1VanJWaEJ0RVJIU0FoSUVOYTJud2Q3ajZwM2hQV1ZxOUMxV0V4ZkJEWnpZT0Z0RXRJaFM3N3FOUDFwbWpYOEhnZXJQS2lQQTFIdndDZw?oc=5\" target=\"_blank\" rel=\"nofollow noopener\">Stj\u00e4rnan skadad \u2013 under en lagmiddag<\/a>&nbsp;&nbsp;HockeyNews<\/li>\n<li><a href=\"https:\/\/news.google.com\/rss\/articles\/CBMilgFBVV95cUxOSmJza0Y1d25jMGJWMy13RTkwb3JqYURZQVFnZmFnWGlkZHd1Y2tYTVgwUUYxc28xQjcxZG9HVmg3SXB4eGFodVNlVmluRml2cEVhaWVUaWJvZXhCUmEybzBBNkNtaWRQRXBOX2pkdi1BbHN4cFRaLXkwOUpWVEhPcnJIbXp4RkI2WV9JY2R3cm83UndkX2c?oc=5\" target=\"_blank\" rel=\"nofollow noopener\">Devils forward Hughes har \u00e5dragit sig handskada<\/a>&nbsp;&nbsp;NHL.com<\/li>\n<\/ol>\n","protected":false},"excerpt":{"rendered":"Superstj\u00e4rnan skadad \u2013 p\u00e5 lagmiddagen&nbsp;&nbsp;hockeysverige.se Stj\u00e4rnan skadad under lagmiddag&nbsp;&nbsp;Aftonbladet Ishockey: Stj\u00e4rnan skadad under middag \u2013 har opererats \u2013&hellip;\n","protected":false},"author":2,"featured_media":81721,"comment_status":"","ping_status":"","sticky":false,"template":"","format":"standard","meta":{"footnotes":""},"categories":[5],"tags":[22,23,26,27,17,21,24,25,28,29,15,247,16,18,34,133,31,33,32,30,19,20],"class_list":{"0":"post-81720","1":"post","2":"type-post","3":"status-publish","4":"format-standard","5":"has-post-thumbnail","7":"category-rubriker","8":"tag-breaking-news","9":"tag-breakingnews","10":"tag-featured-news","11":"tag-featurednews","12":"tag-headlines","13":"tag-huvudnyheter","14":"tag-latest-news","15":"tag-latestnews","16":"tag-main-news","17":"tag-mainnews","18":"tag-news","19":"tag-nhl","20":"tag-nyheter","21":"tag-rubriker","22":"tag-se","23":"tag-second-news","24":"tag-svenska","25":"tag-sverige","26":"tag-sweden","27":"tag-swedish","28":"tag-top-stories","29":"tag-topstories"},"share_on_mastodon":{"url":"https:\/\/pubeurope.com\/@se\/115556124168792052","error":""},"_links":{"self":[{"href":"https:\/\/www.europesays.com\/se\/wp-json\/wp\/v2\/posts\/81720","targetHints":{"allow":["GET"]}}],"collection":[{"href":"https:\/\/www.europesays.com\/se\/wp-json\/wp\/v2\/posts"}],"about":[{"href":"https:\/\/www.europesays.com\/se\/wp-json\/wp\/v2\/types\/post"}],"author":[{"embeddable":true,"href":"https:\/\/www.europesays.com\/se\/wp-json\/wp\/v2\/users\/2"}],"replies":[{"embeddable":true,"href":"https:\/\/www.europesays.com\/se\/wp-json\/wp\/v2\/comments?post=81720"}],"version-history":[{"count":0,"href":"https:\/\/www.europesays.com\/se\/wp-json\/wp\/v2\/posts\/81720\/revisions"}],"wp:featuredmedia":[{"embeddable":true,"href":"https:\/\/www.europesays.com\/se\/wp-json\/wp\/v2\/media\/81721"}],"wp:attachment":[{"href":"https:\/\/www.europesays.com\/se\/wp-json\/wp\/v2\/media?parent=81720"}],"wp:term":[{"taxonomy":"category","embeddable":true,"href":"https:\/\/www.europesays.com\/se\/wp-json\/wp\/v2\/categories?post=81720"},{"taxonomy":"post_tag","embeddable":true,"href":"https:\/\/www.europesays.com\/se\/wp-json\/wp\/v2\/tags?post=81720"}],"curies":[{"name":"wp","href":"https:\/\/api.w.org\/{rel}","templated":true}]}}