{"id":81724,"date":"2025-11-15T22:48:13","date_gmt":"2025-11-15T22:48:13","guid":{"rendered":"https:\/\/www.europesays.com\/se\/81724\/"},"modified":"2025-11-15T22:48:13","modified_gmt":"2025-11-15T22:48:13","slug":"efter-bussolyckan-har-inte-kunnat-sova-i-natt","status":"publish","type":"post","link":"https:\/\/www.europesays.com\/se\/81724\/","title":{"rendered":"Efter bussolyckan: &#8221;Har inte kunnat sova i natt&#8221;"},"content":{"rendered":"<p><img decoding=\"async\" class=\"Image Image_\" src=\"\" data-aghref=\"http:\/\/www.mitti.se\/image-3.348996.264571.20251115174922.1.59e2f01047\" data-agimagetype=\"hardcrop\" alt=\"Folk har l\u00e4mnat blommor och ljus p\u00e5 flera platser i omr\u00e5det.\"\/><\/p>\n<p class=\"Caption\">Folk har l\u00e4mnat blommor och ljus p\u00e5 flera platser i omr\u00e5det.<\/p>\n<p>Blommor och ljus har l\u00e4mnats vid \u00d6stra station. Flera passerande stannar tysta till en stund. \u2013 Jag har haft sv\u00e5rt att sova i natt. Framf\u00f6r allt har jag t\u00e4nkt mycket p\u00e5 alla drabbade, s\u00e4ger Zaid al Hussen, som hj\u00e4lpte till vid olycksplatsen.<\/p>\n<p class=\"text\">Dagen efter <a target=\"_blank\" rel=\"noopener nofollow\" href=\"https:\/\/www.mitti.se\/nyheter\/tre-doda-efter-bussolycka-pa-ostermalm-6.3.330606.26768ccf0f\">bussolyckan<\/a> \u00e4r det lugnt och stilla i omr\u00e5det vid \u00d6stra station. Olycksplatsen \u00e4r fortfarande avsp\u00e4rrad, m\u00e4nniskor har l\u00e4mnat blommor och ljus p\u00e5 olika st\u00e4llen runt omkring.<\/p>\n<p class=\"text\">\u2013 Jag var vid Odenplan n\u00e4r det h\u00e4nde. Pl\u00f6tsligt s\u00e5g jag flera polisbilar och ambulanser passera. Det f\u00f6rsta jag gjorde var att ringa mina barn, s\u00e4ger en kvinna.<\/p>\n<p><img decoding=\"async\" class=\"Image Image_\" src=\"\" data-aghref=\"http:\/\/www.mitti.se\/image-3.348994.264571.20251115174922.9474ac8754\" data-agimagetype=\"hardcrop\" alt=\"Love och Alice bor i n\u00e4rheten av den plats d\u00e4r olyckan skedde. &quot;Det var bl\u00e5ljus n\u00e4stan hela natten&quot; s\u00e4ger de.\"\/><\/p>\n<p class=\"Caption\">Love och Alice bor i n\u00e4rheten av den plats d\u00e4r olyckan skedde. &#8221;Det var bl\u00e5ljus n\u00e4stan hela natten&#8221; s\u00e4ger de.<\/p>\n<p class=\"Source\">Katarina Linde<\/p>\n<p class=\"text\">\u2013 Nu \u00e4r jag h\u00e4r f\u00f6r att visa respekt f\u00f6r alla drabbade. Det h\u00e4r \u00e4r ett omr\u00e5de som s\u00e5 m\u00e5nga har en relation till. M\u00e5nga har barn som tar bussen h\u00e4r ifr\u00e5n, eller s\u00e5 g\u00f6r man det sj\u00e4lv. Det h\u00e4r en mycket tung dag.<\/p>\n<p class=\"text\">Love och Alice bor i ett hus i n\u00e4rheten. Fr\u00e5n f\u00f6nstret s\u00e5g de bl\u00e5ljus l\u00e5ngt in p\u00e5 natten.<br \/>\u2013 Vi k\u00e4nner oss sorgsna och omtumlade, s\u00e4ger de. <\/p>\n<p class=\"text\">Alice ber\u00e4ttar att hon satt p\u00e5 tunnelbanan n\u00e5gra stationer bort n\u00e4r olyckan intr\u00e4ffade. Pl\u00f6tsligt b\u00f6rjade det plinga i alla mobiler, och det blev en orolig k\u00e4nsla i vagnen. Folk b\u00f6rjade prata med varandra om vad som kunde ha h\u00e4nt.<br \/>\u2013 Min chef, som vet att jag bor vid \u00d6stra station, ringde och kollade att jag var okej. Sedan fortsatte det. Jag tog kontakt med anh\u00f6riga, och andra tog kontakt med mig.<\/p>\n<p><img decoding=\"async\" class=\"Image Image_\" src=\"\" data-aghref=\"http:\/\/www.mitti.se\/image-3.348998.264571.20251115174922.28207dcec8\" data-agimagetype=\"hardcrop\" alt=\"Zaid al Hussen hj\u00e4lpte skadade kort efter att olyckan skett. Att han g\u00e5r p\u00e5 kryckor till f\u00f6ljd av en skadad fot var inget som hindrade honom.\"\/><\/p>\n<p class=\"Caption\">Zaid al Hussen hj\u00e4lpte skadade kort efter att olyckan skett. Att han g\u00e5r p\u00e5 kryckor till f\u00f6ljd av en skadad fot var inget som hindrade honom.<\/p>\n<p class=\"Source\">Katarina Linde<\/p>\n<p>Sv\u00e5rt att sova<\/p>\n<p class=\"text\">Zaid al Hussen befann sig i omr\u00e5det n\u00e4r olyckan skedde.<br \/>\u2013 Det \u00e4r hemska minnesbilder. M\u00e5nga skadade, skrik och m\u00e4nniskor i chock. Jag har haft sv\u00e5rt att sova i natt. Framf\u00f6r allt har jag t\u00e4nkt mycket p\u00e5 alla drabbade, s\u00e4ger han.<\/p>\n<p class=\"text\">Han studerar till undersk\u00f6terska, och hade suttit och pluggat p\u00e5 biblioteket i n\u00e4rheten, n\u00e4r han h\u00f6rde sm\u00e4llen. N\u00e4r han kom fram till olycksplatsen l\u00e5g flera skadade p\u00e5 marken.<\/p>\n<p class=\"text\">\u2013 En man stod upp trots att han bl\u00f6dde ymnigt fr\u00e5n foten. Jag fick hj\u00e4lp av andra att l\u00e4gga ner honom. Sedan h\u00f6ll jag emot s\u00e5 mycket jag kunde f\u00f6r att stoppa den kraftiga bl\u00f6dningen. Jag minns att jag k\u00e4nde en s\u00e5dan l\u00e4ttnad n\u00e4r r\u00e4ddningspersonalen kom.<\/p>\n<p class=\"text\">P\u00e5 l\u00f6rdagseftermiddagen \u00e4r ocks\u00e5 statsminister Ulf Kristersson vid olycksplatsen med sin hustru Birgitta Ed f\u00f6r att hedra offren.<br \/>\u2013 Jag t\u00e4nker p\u00e5 de anh\u00f6riga i dag. Jag vill visa att vi \u00e4r m\u00e5nga som t\u00e4nker p\u00e5 varandra i dag, s\u00e4ger han. <\/p>\n<p>Krisst\u00f6d vid kyrkan<img decoding=\"async\" class=\"Image Image_\" src=\"\" data-aghref=\"http:\/\/www.mitti.se\/image-3.348993.264571.20251115174922.931508b1a4\" data-agimagetype=\"hardcrop\" alt=\"Diakon Clary Nilsson tillsammans med krishanterare fr\u00e5n R\u00f6da korset: Peter St\u00e5hl, Inger R\u00e5lednius, Linnea S\u00f6derstr\u00f6m och Tindra Rajala.\"\/><\/p>\n<p class=\"Caption\">Diakon Clary Nilsson tillsammans med krishanterare fr\u00e5n R\u00f6da korset: Peter St\u00e5hl, Inger R\u00e5lednius, Linnea S\u00f6derstr\u00f6m och Tindra Rajala.<\/p>\n<p class=\"Source\">Katarina Linde<\/p>\n<p class=\"text\">Under l\u00f6rdagen erbjuder staden, R\u00f6da korset och f\u00f6rsamlingen krisst\u00f6d vid Engelbrekts kyrka. <\/p>\n<p class=\"text\">\u2013 Man kanske har varit p\u00e5 olycksplatsen och sett saker. Ibland kan det \u00e4ven vara gamla trauman som \u00e5terupplevs. Ofta r\u00e4cker det med att vi lyssnar, och l\u00e5ter bes\u00f6karna s\u00e4tta ord p\u00e5 sina k\u00e4nslor. Alla har inte n\u00e5gon att prata med. Andra kanske har m\u00e4nniskor runt omkring sig, men ingen som orkar ta in allt det hemska, s\u00e4ger Clary Nilsson, diakon vid Engelbrekt f\u00f6rsamling.<br \/>\u2013 Vi m\u00e4nniskor \u00e4r skapade att reagera, och ska inte b\u00e4ra p\u00e5 saker sj\u00e4lva. Man kan sitta hemma och t\u00e4nka att man kan hantera det, men det ska man inte beh\u00f6va g\u00f6ra. Man ska \u00e4ven komma ih\u00e5g att minnesbilder kan komma upp flera veckor senare. \u00c4ven d\u00e5 finns st\u00f6d att f\u00e5.<\/p>\n","protected":false},"excerpt":{"rendered":"Folk har l\u00e4mnat blommor och ljus p\u00e5 flera platser i omr\u00e5det. Blommor och ljus har l\u00e4mnats vid \u00d6stra&hellip;\n","protected":false},"author":2,"featured_media":81725,"comment_status":"","ping_status":"","sticky":false,"template":"","format":"standard","meta":{"footnotes":""},"categories":[5],"tags":[22,23,26,27,17,21,24,25,28,29,15,16,18,34,31,33,32,30,19,20],"class_list":{"0":"post-81724","1":"post","2":"type-post","3":"status-publish","4":"format-standard","5":"has-post-thumbnail","7":"category-rubriker","8":"tag-breaking-news","9":"tag-breakingnews","10":"tag-featured-news","11":"tag-featurednews","12":"tag-headlines","13":"tag-huvudnyheter","14":"tag-latest-news","15":"tag-latestnews","16":"tag-main-news","17":"tag-mainnews","18":"tag-news","19":"tag-nyheter","20":"tag-rubriker","21":"tag-se","22":"tag-svenska","23":"tag-sverige","24":"tag-sweden","25":"tag-swedish","26":"tag-top-stories","27":"tag-topstories"},"share_on_mastodon":{"url":"https:\/\/pubeurope.com\/@se\/115556155604278859","error":""},"_links":{"self":[{"href":"https:\/\/www.europesays.com\/se\/wp-json\/wp\/v2\/posts\/81724","targetHints":{"allow":["GET"]}}],"collection":[{"href":"https:\/\/www.europesays.com\/se\/wp-json\/wp\/v2\/posts"}],"about":[{"href":"https:\/\/www.europesays.com\/se\/wp-json\/wp\/v2\/types\/post"}],"author":[{"embeddable":true,"href":"https:\/\/www.europesays.com\/se\/wp-json\/wp\/v2\/users\/2"}],"replies":[{"embeddable":true,"href":"https:\/\/www.europesays.com\/se\/wp-json\/wp\/v2\/comments?post=81724"}],"version-history":[{"count":0,"href":"https:\/\/www.europesays.com\/se\/wp-json\/wp\/v2\/posts\/81724\/revisions"}],"wp:featuredmedia":[{"embeddable":true,"href":"https:\/\/www.europesays.com\/se\/wp-json\/wp\/v2\/media\/81725"}],"wp:attachment":[{"href":"https:\/\/www.europesays.com\/se\/wp-json\/wp\/v2\/media?parent=81724"}],"wp:term":[{"taxonomy":"category","embeddable":true,"href":"https:\/\/www.europesays.com\/se\/wp-json\/wp\/v2\/categories?post=81724"},{"taxonomy":"post_tag","embeddable":true,"href":"https:\/\/www.europesays.com\/se\/wp-json\/wp\/v2\/tags?post=81724"}],"curies":[{"name":"wp","href":"https:\/\/api.w.org\/{rel}","templated":true}]}}