{"id":81728,"date":"2025-11-15T23:20:09","date_gmt":"2025-11-15T23:20:09","guid":{"rendered":"https:\/\/www.europesays.com\/se\/81728\/"},"modified":"2025-11-15T23:20:09","modified_gmt":"2025-11-15T23:20:09","slug":"schweiz-fick-fira-vm-plats-mot-sverige","status":"publish","type":"post","link":"https:\/\/www.europesays.com\/se\/81728\/","title":{"rendered":"Schweiz fick fira VM-plats mot Sverige"},"content":{"rendered":"<p>En f\u00f6rsta halvlek som lovade gott r\u00e4ckte inte till mot gruppsuver\u00e4nen Schweiz i Gen\u00e8ve. Schweiz vann med 4-1 till slut i Graham Potters f\u00f6rsta match som svensk f\u00f6rbundskapten:<br \/>&#8211; Vi beh\u00f6vde jaga matchen lite f\u00f6r mycket och det \u00f6ppnade upp ytor mot ett lag med mycket kvalitet. Schweiz \u00e4r ett starkt lag, sa Potter i Viaplay.<\/p>\n<p>Viktor Gy\u00f6keres, Dejan Kulusevski, Victor Nilsson Lindel\u00f6f, Hugo Larsson och Lucas Bergvall var bara n\u00e5gra av de spelarna som Graham Potter fick klara sig utan i sin f\u00f6rsta match som f\u00f6rbundskapten f\u00f6r herrlandslaget mot Schweiz under l\u00f6rdagskv\u00e4llen. En tuff bortamatch mot ett landslag som siktade p\u00e5 att kvalificera sig f\u00f6r sitt sjunde raka m\u00e4sterskap. Och s\u00e5 blev det.<\/p>\n<p>Schweiz vann matchen med 3-1 och \u00e4r d\u00e4rmed klara gruppsegrare. En v\u00e4lf\u00f6rtj\u00e4nt seger f\u00f6r hemmanationen men med ljusglimtar &#8211; i f\u00f6rsta halvlek &#8211; f\u00f6r svensk del.\u00a0<\/p>\n<p>&#8211; Vi gjorde en r\u00e4tt okej f\u00f6rsta halvlek, det var en j\u00e4mn match. Sen gick vi ut i andra och bj\u00f6d lite l\u00e4tt p\u00e5 2-1-m\u00e5let och d\u00e4refter tappade vi, om jag ska vara \u00e4rlig. Vi spelade sansat och med bra kontroll i f\u00f6rsta. Men efter deras straff tappade vi lite gnista, konstaterade lagkaptenen Isak Hien i Viaplay.<\/p>\n<p>Det var dock en chansfattig f\u00f6rsta halvlek. Sverige inledde v\u00e4ldigt l\u00e5gt i sitt f\u00f6rsvarsspel och hade sv\u00e5rt att spela f\u00f6rbi den schweiziska pressen. Sedan n\u00e4r 1-0 kom f\u00f6r Schweiz redan i den tolfte minuten &#8211; Breel Embolo m\u00e5lskytt p\u00e5 inspel fr\u00e5n Dan Ndoye &#8211; s\u00e5g det tidigt m\u00f6rkt ut f\u00f6r Sverige. Men Potters landslag spelade sig in i matchen \u00e4ven om m\u00e5lchanserna \u00e5t b\u00e5da h\u00e5ll var l\u00e4ttr\u00e4knade &#8211; faktum var VM-kvalmatchens andra skott p\u00e5 m\u00e5l kom f\u00f6rst i den 32:a minuten.\u00a0<\/p>\n<p>Minuten senare hade Sverige kvitterat. Anthony Elanga fick bollen ute p\u00e5 v\u00e4nsterkanten, utmanade och fick in ett bra inl\u00e4gg som en schweizisk f\u00f6rsvarare nickade ut rakt i gapet p\u00e5 Benjamin Nygren centralt i utkanten av straffomr\u00e5det. Nygren fick tid p\u00e5 sig och f\u00f6rvaltade det v\u00e4l med ett pressat skott mot m\u00e5lvaktens v\u00e4nstra stolpe. 1-1.\u00a0<\/p>\n<p>Det gav Sverige momentum. Schweiz s\u00e5g stressat ut och Sverige fick en gyllene chans att ta ledningen precis innan paus n\u00e4r Mattias Svanberg nickskarvade till Alexander Bernhardsson som sprang ifr\u00e5n sin f\u00f6rsvarare, skapade sig ett j\u00e4ttel\u00e4ge, och s\u00e5n\u00e4r \u00f6verlistade Gregor Kobels i Schweiz m\u00e5l. Men 1-1 in i pausvilan.<\/p>\n<p>&#8211; Jag hade k\u00e4nslan i halvtid att vi kunde vinna matchen, sa Graham Potter efter\u00e5t.<\/p>\n<p>Sverige gick in med en positiv k\u00e4nsla i andra halvlek. Det fram till den 58:e minuten d\u00e4r tyv\u00e4rr en svag hem\u00e5tpass av Gabriel Gudmundsson &#8211; som blivit inbytt efter att Emil Holm blivit skadad i inledningen &#8211; orsakade en kollision mellan Viktor Johansson och Embolo och Schweiz blev tilldelade en straff. Granit Xhaka gjorde som p\u00e5 Strawberry Arena och satte sin straff &#8211; 2-1 till Schweiz.<\/p>\n<p>Efter det handlade tyv\u00e4rr mest om Schweiz. Sverige tappade sitt spel och alplandet k\u00e4nde vittring av VM inf\u00f6r en lyrisk hemmapublik.<\/p>\n<p>N\u00e4r Ndoye satte 3-1 i den 75:e minuten var saken klar \u00e4ven om matchen till slut slutade 4-1 efter ett ytterligare m\u00e5l p\u00e5 \u00f6vertid f\u00f6r Schweiz del.\u00a0<\/p>\n<p>&#8211; N\u00e4r vi g\u00f6r ett misstag m\u00e5ste vi l\u00e4ra oss att inte l\u00e5ta resultatet rinna i v\u00e4g. Vi var kanske lite f\u00f6r utspridda, mer \u00e4n vad vi ville. Vi vill v\u00e4nda p\u00e5 matchen och vinna. Men jag kan inte klaga p\u00e5 spelarnas insats och anstr\u00e4ngning &#8211; den var d\u00e4r. Men defensivt kan vi bli b\u00e4ttre som lag, sa Potter i VIaplay.<\/p>\n<p>Sverige f\u00e5r forts\u00e4tta n\u00f6ta sitt spel inf\u00f6r play off-spelet i mars p\u00e5 tisdag p\u00e5 Strawberry Arena. D\u00e5 v\u00e4ntar Slovenien som f\u00f6rlorade med 0-2 mot Kosovo under l\u00f6rdagen.\u00a0<\/p>\n<p><a class=\"multisite-link pop\" href=\"https:\/\/www.svenskfotboll.se\/landslag\/herr\/vm-kval\/\" rel=\"nofollow noopener\" target=\"_blank\"><\/p>\n<p><\/a><\/p>\n","protected":false},"excerpt":{"rendered":"En f\u00f6rsta halvlek som lovade gott r\u00e4ckte inte till mot gruppsuver\u00e4nen Schweiz i Gen\u00e8ve. Schweiz vann med 4-1&hellip;\n","protected":false},"author":2,"featured_media":81729,"comment_status":"","ping_status":"","sticky":false,"template":"","format":"standard","meta":{"footnotes":""},"categories":[5],"tags":[22,23,26,27,17,21,24,25,28,29,15,16,18,34,31,33,32,30,19,20],"class_list":{"0":"post-81728","1":"post","2":"type-post","3":"status-publish","4":"format-standard","5":"has-post-thumbnail","7":"category-rubriker","8":"tag-breaking-news","9":"tag-breakingnews","10":"tag-featured-news","11":"tag-featurednews","12":"tag-headlines","13":"tag-huvudnyheter","14":"tag-latest-news","15":"tag-latestnews","16":"tag-main-news","17":"tag-mainnews","18":"tag-news","19":"tag-nyheter","20":"tag-rubriker","21":"tag-se","22":"tag-svenska","23":"tag-sverige","24":"tag-sweden","25":"tag-swedish","26":"tag-top-stories","27":"tag-topstories"},"share_on_mastodon":{"url":"https:\/\/pubeurope.com\/@se\/115556281419221381","error":""},"_links":{"self":[{"href":"https:\/\/www.europesays.com\/se\/wp-json\/wp\/v2\/posts\/81728","targetHints":{"allow":["GET"]}}],"collection":[{"href":"https:\/\/www.europesays.com\/se\/wp-json\/wp\/v2\/posts"}],"about":[{"href":"https:\/\/www.europesays.com\/se\/wp-json\/wp\/v2\/types\/post"}],"author":[{"embeddable":true,"href":"https:\/\/www.europesays.com\/se\/wp-json\/wp\/v2\/users\/2"}],"replies":[{"embeddable":true,"href":"https:\/\/www.europesays.com\/se\/wp-json\/wp\/v2\/comments?post=81728"}],"version-history":[{"count":0,"href":"https:\/\/www.europesays.com\/se\/wp-json\/wp\/v2\/posts\/81728\/revisions"}],"wp:featuredmedia":[{"embeddable":true,"href":"https:\/\/www.europesays.com\/se\/wp-json\/wp\/v2\/media\/81729"}],"wp:attachment":[{"href":"https:\/\/www.europesays.com\/se\/wp-json\/wp\/v2\/media?parent=81728"}],"wp:term":[{"taxonomy":"category","embeddable":true,"href":"https:\/\/www.europesays.com\/se\/wp-json\/wp\/v2\/categories?post=81728"},{"taxonomy":"post_tag","embeddable":true,"href":"https:\/\/www.europesays.com\/se\/wp-json\/wp\/v2\/tags?post=81728"}],"curies":[{"name":"wp","href":"https:\/\/api.w.org\/{rel}","templated":true}]}}