{"id":81732,"date":"2025-11-15T23:28:13","date_gmt":"2025-11-15T23:28:13","guid":{"rendered":"https:\/\/www.europesays.com\/se\/81732\/"},"modified":"2025-11-15T23:28:13","modified_gmt":"2025-11-15T23:28:13","slug":"britz-l-om-avskaffat-karensavdrag-ett-misstag","status":"publish","type":"post","link":"https:\/\/www.europesays.com\/se\/81732\/","title":{"rendered":"Britz (L) om avskaffat karensavdrag: \u201dEtt misstag\u201d"},"content":{"rendered":"<p>Publicerad 15 nov 2025 kl 20.11<\/p>\n<p>SD och KD \u00f6ppnar f\u00f6r diskussion om att slopa karensavdraget.<\/p>\n<p>Men Tid\u00f6partierna \u00e4r splittrade.<\/p>\n<p>\u2013 Det vore ett misstag, s\u00e4ger arbetsmarknadsminister Johan Britz (L).<\/p>\n<p><img loading=\"lazy\"   alt=\"\"\/><\/p>\n<p>Arbetsmarknadsminister Johan Britz vill ha kvar karensavdraget.<\/p>\n<p>Foto: Jessica Gow\/TT \/ TT NYHETSBYR\u00c5N<\/p>\n<p>\u00d6ppna bild i helsk\u00e4rm<img loading=\"lazy\"   alt=\"\"\/><\/p>\n<p>KD-ledaren Ebba Busch tycker man kan diskutera fr\u00e5gan.<\/p>\n<p>Foto: Anders Wiklund\/TT \/ TT NYHETSBYR\u00c5N<\/p>\n<p>\u00d6ppna bild i helsk\u00e4rm<img loading=\"lazy\"   alt=\"\"\/><\/p>\n<p>SD har f\u00e5tt kritik f\u00f6r att g\u00e5 till val p\u00e5 avskaffad karens utan att n\u00e5got h\u00e4nt. Nu s\u00e4ger Henrik Vinge att det finns goda sk\u00e4l att se \u00f6ver systemet.<\/p>\n<p>Foto: ANNA-KARIN NILSSON<\/p>\n<p>\u00d6ppna bild i helsk\u00e4rm<\/p>\n<p>Karensavdraget \u00e4r or\u00e4ttvist.<\/p>\n<p>Det menar Socialdemokraterna.<\/p>\n<p>Den senaste tiden har ocks\u00e5 b\u00e5de Sverigedemokraterna och Kristdemokraterna \u00f6ppnat f\u00f6r att diskutera saken.<\/p>\n<p>Ett f\u00f6rslag att titta vidare p\u00e5, har KD-ledaren Ebba Busch sagt, medan Henrik Vinge (SD) tycker att det \u201dfinns goda sk\u00e4l\u201d att se \u00f6ver systemet.<\/p>\n<p>Men i de andra Tid\u00f6partierna \u00e4r motst\u00e5ndet kompakt.<\/p>\n<p>\u2013 Har man o\u00e4ndliga resurser d\u00e5 kan man l\u00e4gga fram s\u00e5dana f\u00f6rslag. Vi som tar budgetar seri\u00f6st vi f\u00f6rhandlar budgetar p\u00e5 ett seri\u00f6st s\u00e4tt, s\u00e4ger statsminister Ulf Kristersson (M) till <a href=\"https:\/\/www.aftonbladet.se\/nyheter\/a\/8qbozE\/sd-oppnar-for-att-stodja-s-forslag-om-karensavdrag\" rel=\"nofollow noopener\" target=\"_blank\">Aftonbladet<\/a>.<\/p>\n<p>\u2013 Ett misstag, s\u00e4ger arbetsmarknadsminister <a href=\"https:\/\/www.expressen.se\/tagg\/person\/johan-britz\/\" class=\"\" rel=\"nofollow noopener\" target=\"_blank\">Johan Britz<\/a> (L).<\/p>\n<p>Det h\u00e4r \u00e4r karensavdraget<\/p>\n<p>\u00a0Karensavdraget \u00e4r de pengar som dras fr\u00e5n din l\u00f6n n\u00e4r du blir sjuk.<\/p>\n<p>\u00a0Det motsvarar 20 procent av vad sjukl\u00f6nen hade blivit under en genomsnittlig arbetsvecka.<\/p>\n<p> Sjukl\u00f6nen \u00e4r i sin tur 80 procent av l\u00f6nen.<\/p>\n<p> Karensavdraget ersatte karensdagen 2019.<\/p>\n<p>Visa mer\u201dEnorma konsekvenser\u201d<\/p>\n<p>Ett slopat karensavdrag vore ett hot mot jobben, menar han, eftersom sjukskrivningarna skulle \u00f6ka och f\u00f6retagens kostnader skjuta i h\u00f6jden.<\/p>\n<p>\u2013 Att avskaffa karensavdraget skapar enorma konsekvenser som inte st\u00e5r i proportion till problemen, s\u00e4ger Johan Britz.<\/p>\n<p>Kritiken mot avdraget g\u00e5r ut p\u00e5 att det sl\u00e5r olika mot arbetare och tj\u00e4nstem\u00e4n. Kontorsanst\u00e4llda kan jobba hemifr\u00e5n n\u00e4r f\u00f6rkylningen kommer, medan v\u00e5rdanst\u00e4llda, busschauff\u00f6rer och andra f\u00e5r stanna hemma med k\u00e4nnbart mindre i pl\u00e5nboken.<\/p>\n<p>D\u00e4r finns en po\u00e4ng, menar Britz.<\/p>\n<p>\u2013 D\u00e4rf\u00f6r \u00e4r Liberalerna \u00f6ppna f\u00f6r andra f\u00f6rslag och satsningar som f\u00f6rb\u00e4ttrar villkoren f\u00f6r kontaktyrken eller yrkesarbetare, s\u00e4ger han.<\/p>\n<p>Britz: Skapar problem<\/p>\n<p>Vad det skulle vara f\u00f6r \u00e5tg\u00e4rd kan han inte s\u00e4ga. D\u00e4remot avf\u00e4rdar han S-f\u00f6rslaget om att samtidigt som ett avskaffat karensavdrag inf\u00f6ra ett h\u00f6gkostnadsskydd f\u00f6r mindre f\u00f6retag, s\u00e5 de inte drabbas f\u00f6r h\u00e5rt.<\/p>\n<p>Det skulle leda till regelkr\u00e5ngel, enligt Britz.<\/p>\n<p>Han vill inte recensera de andra Tid\u00f6partiernas nya besked.<\/p>\n<p>\u2013 Tid\u00f6samarbetet \u00e4r ett pragmatiskt samarbete som syftar till att l\u00f6sa riktiga problem. D\u00e4r tycker inte vi att karensavdraget \u00e4r ett s\u00e5dant, utan snarare riskerar att skapa problem.<\/p>\n<p><strong>L\u00c4S MER: <\/strong><a href=\"https:\/\/www.expressen.se\/nyheter\/politik\/s-attack-mot-sd-om-karensavdraget\/\" class=\"\" rel=\"nofollow noopener\" target=\"_blank\">S attack mot SD om karensavdraget<\/a><\/p>\n","protected":false},"excerpt":{"rendered":"Publicerad 15 nov 2025 kl 20.11 SD och KD \u00f6ppnar f\u00f6r diskussion om att slopa karensavdraget. Men Tid\u00f6partierna&hellip;\n","protected":false},"author":2,"featured_media":81733,"comment_status":"","ping_status":"","sticky":false,"template":"","format":"standard","meta":{"footnotes":""},"categories":[5],"tags":[22,23,26,27,17,21,24,25,28,29,15,16,44,618,1458,38,2918,18,34,583,31,33,32,30,19,1359,1285,20],"class_list":{"0":"post-81732","1":"post","2":"type-post","3":"status-publish","4":"format-standard","5":"has-post-thumbnail","7":"category-rubriker","8":"tag-breaking-news","9":"tag-breakingnews","10":"tag-featured-news","11":"tag-featurednews","12":"tag-headlines","13":"tag-huvudnyheter","14":"tag-latest-news","15":"tag-latestnews","16":"tag-main-news","17":"tag-mainnews","18":"tag-news","19":"tag-nyheter","20":"tag-organization-kristdemokraterna","21":"tag-organization-liberalerna","22":"tag-organization-socialdemokraterna","23":"tag-organization-sverigedemokraterna","24":"tag-person-johan-britz","25":"tag-rubriker","26":"tag-se","27":"tag-sections-politik","28":"tag-svenska","29":"tag-sverige","30":"tag-sweden","31":"tag-swedish","32":"tag-top-stories","33":"tag-topic-arbetsmarknad","34":"tag-topic-finanspolitik","35":"tag-topstories"},"share_on_mastodon":{"url":"https:\/\/pubeurope.com\/@se\/115556312964067948","error":""},"_links":{"self":[{"href":"https:\/\/www.europesays.com\/se\/wp-json\/wp\/v2\/posts\/81732","targetHints":{"allow":["GET"]}}],"collection":[{"href":"https:\/\/www.europesays.com\/se\/wp-json\/wp\/v2\/posts"}],"about":[{"href":"https:\/\/www.europesays.com\/se\/wp-json\/wp\/v2\/types\/post"}],"author":[{"embeddable":true,"href":"https:\/\/www.europesays.com\/se\/wp-json\/wp\/v2\/users\/2"}],"replies":[{"embeddable":true,"href":"https:\/\/www.europesays.com\/se\/wp-json\/wp\/v2\/comments?post=81732"}],"version-history":[{"count":0,"href":"https:\/\/www.europesays.com\/se\/wp-json\/wp\/v2\/posts\/81732\/revisions"}],"wp:featuredmedia":[{"embeddable":true,"href":"https:\/\/www.europesays.com\/se\/wp-json\/wp\/v2\/media\/81733"}],"wp:attachment":[{"href":"https:\/\/www.europesays.com\/se\/wp-json\/wp\/v2\/media?parent=81732"}],"wp:term":[{"taxonomy":"category","embeddable":true,"href":"https:\/\/www.europesays.com\/se\/wp-json\/wp\/v2\/categories?post=81732"},{"taxonomy":"post_tag","embeddable":true,"href":"https:\/\/www.europesays.com\/se\/wp-json\/wp\/v2\/tags?post=81732"}],"curies":[{"name":"wp","href":"https:\/\/api.w.org\/{rel}","templated":true}]}}