{"id":81742,"date":"2025-11-16T00:48:12","date_gmt":"2025-11-16T00:48:12","guid":{"rendered":"https:\/\/www.europesays.com\/se\/81742\/"},"modified":"2025-11-16T00:48:12","modified_gmt":"2025-11-16T00:48:12","slug":"hegseth-vander-upp-och-ner-pa-pentagon-borjar-tappa-fortroende","status":"publish","type":"post","link":"https:\/\/www.europesays.com\/se\/81742\/","title":{"rendered":"Hegseth v\u00e4nder upp och ner p\u00e5 Pentagon \u2013 b\u00f6rjar tappa f\u00f6rtroende"},"content":{"rendered":"<p>Det bubblar ett missn\u00f6je med USA:s f\u00f6rsvarsminister Pete Hegseth och hans arbete i Pentagon, rapporterar The Telegraph som har pratat med k\u00e4llor inom f\u00f6rsvaret. K\u00e4llorna uppger att Hegseth har \u201dv\u00e4nt upp och ner\u201d p\u00e5 departementet och varnar f\u00f6r att b\u00e5de kongressen och Vita huset b\u00f6rjat tappa f\u00f6rtroende. <\/p>\n<p>Hegseth ses som v\u00e4ldigt lojal mot Trump men flera g\u00e5nger ska hans agerande ha g\u00e5tt stick i st\u00e4v med presidentens vilja. Trump uppges flera g\u00e5nger ha \u201dtvingats tygla\u201d honom, enligt uppgifterna. <\/p>\n<p>Pete Hegseths \u00f6verordnade anser att han f\u00f6rlitar sig f\u00f6r mycket p\u00e5 r\u00e5dgivare som Vita huset har l\u00e5gt f\u00f6rtroende f\u00f6r \u201doch snabbt tappar t\u00e5lamodet med\u201d, skriver The Telegraph. <\/p>\n<p>Tidningen har ocks\u00e5 pratat med John Ullyot, som tidigare varit f\u00f6rsvarsministerns talesperson. <\/p>\n<p>\u2013 Hegseth \u00e4r en bra programledare, men tyv\u00e4rr har hans tid vid makten varit moraliserande, amat\u00f6rm\u00e4ssig och dysfunktionell.<\/p>\n<p>Omni \u00e4r politiskt obundna och oberoende. Vi str\u00e4var efter att ge fler perspektiv p\u00e5 nyheterna. Har du fr\u00e5gor eller synpunkter kring v\u00e5r rapportering? <a href=\"https:\/\/omni.se\/kallor-hegseth-vander-upp-och-ner-pa-pentagon-borjar-tappa-fortroende\/a\/mailto:redaktion@omni.se\" class=\"ArticleActions_contactLink__W2F1M\" rel=\"nofollow noopener\" target=\"_blank\">Kontakta redaktionen<\/a><\/p>\n","protected":false},"excerpt":{"rendered":"Det bubblar ett missn\u00f6je med USA:s f\u00f6rsvarsminister Pete Hegseth och hans arbete i Pentagon, rapporterar The Telegraph som&hellip;\n","protected":false},"author":2,"featured_media":81743,"comment_status":"","ping_status":"","sticky":false,"template":"","format":"standard","meta":{"footnotes":""},"categories":[14],"tags":[387,22,23,385,26,27,17,21,24,25,28,29,15,268,16,4344,1583,18,34,31,33,32,30,19,20,386,74,51,52,53,54],"class_list":{"0":"post-81742","1":"post","2":"type-post","3":"status-publish","4":"format-standard","5":"has-post-thumbnail","7":"category-varlden","8":"tag-amerikansk-politik","9":"tag-breaking-news","10":"tag-breakingnews","11":"tag-donald-trump","12":"tag-featured-news","13":"tag-featurednews","14":"tag-headlines","15":"tag-huvudnyheter","16":"tag-latest-news","17":"tag-latestnews","18":"tag-main-news","19":"tag-mainnews","20":"tag-news","21":"tag-nordamerika","22":"tag-nyheter","23":"tag-pentagon","24":"tag-pete-hegseth","25":"tag-rubriker","26":"tag-se","27":"tag-svenska","28":"tag-sverige","29":"tag-sweden","30":"tag-swedish","31":"tag-top-stories","32":"tag-topstories","33":"tag-trumps-usa","34":"tag-usa","35":"tag-varlden","36":"tag-world","37":"tag-world-news","38":"tag-worldnews"},"share_on_mastodon":{"url":"https:\/\/pubeurope.com\/@se\/115556627474491675","error":""},"_links":{"self":[{"href":"https:\/\/www.europesays.com\/se\/wp-json\/wp\/v2\/posts\/81742","targetHints":{"allow":["GET"]}}],"collection":[{"href":"https:\/\/www.europesays.com\/se\/wp-json\/wp\/v2\/posts"}],"about":[{"href":"https:\/\/www.europesays.com\/se\/wp-json\/wp\/v2\/types\/post"}],"author":[{"embeddable":true,"href":"https:\/\/www.europesays.com\/se\/wp-json\/wp\/v2\/users\/2"}],"replies":[{"embeddable":true,"href":"https:\/\/www.europesays.com\/se\/wp-json\/wp\/v2\/comments?post=81742"}],"version-history":[{"count":0,"href":"https:\/\/www.europesays.com\/se\/wp-json\/wp\/v2\/posts\/81742\/revisions"}],"wp:featuredmedia":[{"embeddable":true,"href":"https:\/\/www.europesays.com\/se\/wp-json\/wp\/v2\/media\/81743"}],"wp:attachment":[{"href":"https:\/\/www.europesays.com\/se\/wp-json\/wp\/v2\/media?parent=81742"}],"wp:term":[{"taxonomy":"category","embeddable":true,"href":"https:\/\/www.europesays.com\/se\/wp-json\/wp\/v2\/categories?post=81742"},{"taxonomy":"post_tag","embeddable":true,"href":"https:\/\/www.europesays.com\/se\/wp-json\/wp\/v2\/tags?post=81742"}],"curies":[{"name":"wp","href":"https:\/\/api.w.org\/{rel}","templated":true}]}}