{"id":81757,"date":"2025-11-16T01:46:24","date_gmt":"2025-11-16T01:46:24","guid":{"rendered":"https:\/\/www.europesays.com\/se\/81757\/"},"modified":"2025-11-16T01:46:24","modified_gmt":"2025-11-16T01:46:24","slug":"dahlin-tillbaka-i-nhl-fastmon-blir-battre","status":"publish","type":"post","link":"https:\/\/www.europesays.com\/se\/81757\/","title":{"rendered":"Dahlin tillbaka i NHL \u2013 f\u00e4stm\u00f6n blir b\u00e4ttre"},"content":{"rendered":"<p>Rasmus Dahlin \u00e4r tillbaka i sin NHL-klubb Buffalo Sabres efter en vecka p\u00e5 svensk mark, skriver klubben p\u00e5 sin sajt. <\/p>\n<p>Hockeystj\u00e4rnan l\u00e4mnade truppen och reste hem av privata sk\u00e4l. Han kallar f\u00e4stm\u00f6n Carolina Matovac, som i somras genomgick en hj\u00e4rttransplantation, f\u00f6r \u201den krigare\u201d. <\/p>\n<p>\u2013 Hon blir b\u00e4ttre varje dag och det \u00e4r det som \u00e4r det viktigaste. <\/p>\n<p>Omni \u00e4r politiskt obundna och oberoende. Vi str\u00e4var efter att ge fler perspektiv p\u00e5 nyheterna. Har du fr\u00e5gor eller synpunkter kring v\u00e5r rapportering? <a href=\"https:\/\/omni.se\/dahlin-tillbaka-i-nhl-fastmon-blir-battre\/a\/mailto:redaktion@omni.se\" class=\"ArticleActions_contactLink__W2F1M\" rel=\"nofollow noopener\" target=\"_blank\">Kontakta redaktionen<\/a><\/p>\n","protected":false},"excerpt":{"rendered":"Rasmus Dahlin \u00e4r tillbaka i sin NHL-klubb Buffalo Sabres efter en vecka p\u00e5 svensk mark, skriver klubben p\u00e5&hellip;\n","protected":false},"author":2,"featured_media":81758,"comment_status":"","ping_status":"","sticky":false,"template":"","format":"standard","meta":{"footnotes":""},"categories":[5],"tags":[22,23,7634,26,27,17,21,24,25,28,29,15,16,7635,18,34,31,33,32,30,19,20],"class_list":{"0":"post-81757","1":"post","2":"type-post","3":"status-publish","4":"format-standard","5":"has-post-thumbnail","7":"category-rubriker","8":"tag-breaking-news","9":"tag-breakingnews","10":"tag-buffalo-sabres","11":"tag-featured-news","12":"tag-featurednews","13":"tag-headlines","14":"tag-huvudnyheter","15":"tag-latest-news","16":"tag-latestnews","17":"tag-main-news","18":"tag-mainnews","19":"tag-news","20":"tag-nyheter","21":"tag-rasmus-dahlin","22":"tag-rubriker","23":"tag-se","24":"tag-svenska","25":"tag-sverige","26":"tag-sweden","27":"tag-swedish","28":"tag-top-stories","29":"tag-topstories"},"share_on_mastodon":{"url":"https:\/\/pubeurope.com\/@se\/115556855528475174","error":""},"_links":{"self":[{"href":"https:\/\/www.europesays.com\/se\/wp-json\/wp\/v2\/posts\/81757","targetHints":{"allow":["GET"]}}],"collection":[{"href":"https:\/\/www.europesays.com\/se\/wp-json\/wp\/v2\/posts"}],"about":[{"href":"https:\/\/www.europesays.com\/se\/wp-json\/wp\/v2\/types\/post"}],"author":[{"embeddable":true,"href":"https:\/\/www.europesays.com\/se\/wp-json\/wp\/v2\/users\/2"}],"replies":[{"embeddable":true,"href":"https:\/\/www.europesays.com\/se\/wp-json\/wp\/v2\/comments?post=81757"}],"version-history":[{"count":0,"href":"https:\/\/www.europesays.com\/se\/wp-json\/wp\/v2\/posts\/81757\/revisions"}],"wp:featuredmedia":[{"embeddable":true,"href":"https:\/\/www.europesays.com\/se\/wp-json\/wp\/v2\/media\/81758"}],"wp:attachment":[{"href":"https:\/\/www.europesays.com\/se\/wp-json\/wp\/v2\/media?parent=81757"}],"wp:term":[{"taxonomy":"category","embeddable":true,"href":"https:\/\/www.europesays.com\/se\/wp-json\/wp\/v2\/categories?post=81757"},{"taxonomy":"post_tag","embeddable":true,"href":"https:\/\/www.europesays.com\/se\/wp-json\/wp\/v2\/tags?post=81757"}],"curies":[{"name":"wp","href":"https:\/\/api.w.org\/{rel}","templated":true}]}}