{"id":81775,"date":"2025-11-16T03:17:09","date_gmt":"2025-11-16T03:17:09","guid":{"rendered":"https:\/\/www.europesays.com\/se\/81775\/"},"modified":"2025-11-16T03:17:09","modified_gmt":"2025-11-16T03:17:09","slug":"kvallens-filmtips-dundrande-krigsfilm-fran-2018-chris-hemsworth-och-omojliga-hjaltedad","status":"publish","type":"post","link":"https:\/\/www.europesays.com\/se\/81775\/","title":{"rendered":"Kv\u00e4llens filmtips: Dundrande krigsfilm fr\u00e5n 2018 \u2013 Chris Hemsworth och om\u00f6jliga hj\u00e4lted\u00e5d"},"content":{"rendered":"<p>Sl\u00f6 s\u00f6ndagskv\u00e4ll och inget att g\u00f6ra? Ikv\u00e4ll visas 2018 \u00e5rs krigsfilm <a href=\"https:\/\/www.moviezine.se\/movies\/12-strong\" rel=\"nofollow noopener\" target=\"_blank\">\u201d12 Strong\u201d<\/a> p\u00e5 TV3.<\/p>\n<p>Krig f\u00f6r\u00e4ndras aldrig \u2013 som man brukar s\u00e4ga. Amerikanska hj\u00e4ltesagor fr\u00e5n deras rikliga m\u00e4ngd historiska (och nutida) krig g\u00f6r det, ganska naturligt, d\u00e4rf\u00f6r inte heller. Men en formula som finslipats under de senaste 100 \u00e5ren \u00e4r per definition ganska definierad \u2013 och s\u00e5 \u00e4ven h\u00e4r.<\/p>\n<p>Det g\u00e5r att s\u00e4ga vad man vill om USA:s krigsinsatser i v\u00e4rlden, men de vet \u00e5tminstone hur man ber\u00e4ttar sina hj\u00e4ltars historier.<\/p>\n<p>I det h\u00e4r fallet heter han Mitch Nelson (<strong>Chris Hemsworth<\/strong>) och hans uppgift \u00e4r att leda det f\u00f6rsta teamet amerikanska soldater att g\u00e5 in i Afghanistan efter terrorattentatet mot World Trade Center, 2001. Det handlar om ett blixtsvar p\u00e5 attacken och strategin \u00e4r enkel; att bomba talibanernas milit\u00e4ra f\u00e4sten s\u00f6nder och samman.<\/p>\n<p>Storyn i <strong>Jerry Bruckheimer<\/strong>-producerade \u201d12 Strong\u201d \u00e4r en slags modern \u201d300\u201d-ber\u00e4ttelse om en liten styrka som lyckas \u00f6verkomma om\u00f6jliga odds f\u00f6r att uppn\u00e5 \u00f6vertygande framg\u00e5ngar.<\/p>\n<p><img loading=\"lazy\" height=\"486\" width=\"648\" class=\"wp-image-706167 sp-no-webp perfmatters-lazy\" alt=\"\" decoding=\"async\" src=\"https:\/\/www.europesays.com\/se\/wp-content\/uploads\/2025\/11\/hemsworth-12-strong-648x486.jpg\"  data-\/> <\/p>\n<p>Hemsworth g\u00f6r ingen besviken<\/p>\n<p>Uppgiften f\u00f6r Hemsworths tolv man starka team \u00e4r att pinpointa var bombningarna ska ske och vad som f\u00f6ljer \u00e4r en kavalkad av skjutande, d\u00f6dande och explosioner. Chris Hemsworth g\u00f6r ingen besviken som nutida, stilig actionhj\u00e4lte \u2013 och de som tycker att det \u00e4r f\u00f6r lite h\u00e4star i moderna krigsfilmer \u00e4r in for a treat.<\/p>\n<p>MovieZines recensent l\u00e4t sig dock inte \u00f6vertygas och <a href=\"https:\/\/www.moviezine.se\/recensioner\/tjatigt-hjalteportratt-utan-spanning-eller-nerv\" rel=\"nofollow noopener\" target=\"_blank\">gav filmen en tv\u00e5a i betyg<\/a> med motiveringen: \u201dHj\u00e4ltetematiken \u00e4r \u00f6verordnad allt annat i \u201d12 Strong\u201d, som bryr sig f\u00f6ga om att ber\u00f6ra krigets historiska omst\u00e4ndigheter eller det politiska spelet bakom kulisserna\u201d.<\/p>\n<p>Men den som kan ha \u00f6verseende med filmens (och genrens) \u00f6verdrivna patriotism, f\u00f6ruts\u00e4gbarhet och att den ungef\u00e4r \u00e4r lika nyanserad som ett kolsvart papper, s\u00e5 g\u00e5r det definitivt att finna n\u00f6je i den dundrande action, det milit\u00e4ra kamratskapet och den hedrande m\u00e4ngden h\u00e4star som \u201d12 Strong\u201d har att bjuda p\u00e5.<\/p>\n<p>H\u00e4r kan du se \u201d12 Strong\u201d:<\/p>\n<ul class=\"wp-block-list\">\n<li>Ikv\u00e4ll (s\u00f6ndag) 21:00 p\u00e5 TV3<\/li>\n<li>Repris l\u00f6rdag 03:20 p\u00e5 TV3<\/li>\n<li>Streama p\u00e5 Netflix<\/li>\n<li>Streama p\u00e5 Viaplay<\/li>\n<li>Streama p\u00e5 Prime Video<\/li>\n<\/ul>\n<p>Se trailern nedan:<\/p>\n<p><img loading=\"lazy\" decoding=\"async\" alt=\"YouTube video\" width=\"480\" height=\"360\" data-pin-nopin=\"true\" nopin=\"nopin\" class=\"perfmatters-lazy\" src=\"https:\/\/www.europesays.com\/se\/wp-content\/uploads\/2025\/11\/1763263029_217_hqdefault.jpg\"\/><\/p>\n<p>L\u00e4s ocks\u00e5: <a href=\"https:\/\/www.moviezine.se\/nyheter\/gratis-hos-svt-play-masterverket-fran-1954-ar-lika-fantastisk-70-ar-senare-en-perfekt-filmupplevelse\" title=\"Gratis hos SVT Play: 50-talets skarpaste thriller \u00e4r lika fantastisk \u00e4n idag \u2013 betyg 5\/5\" class=\"underline-custom !font-montserrat !font-bold !underline-offset-4 !decoration-4 !decoration-moviezine-green !text-md\" rel=\"nofollow noopener\" target=\"_blank\">Gratis hos SVT Play: 50-talets skarpaste thriller \u00e4r lika fantastisk \u00e4n idag \u2013 betyg 5\/5<\/a><\/p>\n<p>L\u00e4s ocks\u00e5: <a href=\"https:\/\/www.moviezine.se\/nyheter\/svensk-premiar-sisu-2-road-to-revenge\" title=\"Nu kommer \u201dden b\u00e4sta finska actionfilmen genom tiderna\u201d till Sverige!\" class=\"underline-custom !font-montserrat !font-bold !underline-offset-4 !decoration-4 !decoration-moviezine-green !text-md\" rel=\"nofollow noopener\" target=\"_blank\">Nu kommer \u201dden b\u00e4sta finska actionfilmen genom tiderna\u201d till Sverige!<\/a><\/p>\n","protected":false},"excerpt":{"rendered":"Sl\u00f6 s\u00f6ndagskv\u00e4ll och inget att g\u00f6ra? Ikv\u00e4ll visas 2018 \u00e5rs krigsfilm \u201d12 Strong\u201d p\u00e5 TV3. Krig f\u00f6r\u00e4ndras aldrig&hellip;\n","protected":false},"author":2,"featured_media":81776,"comment_status":"","ping_status":"","sticky":false,"template":"","format":"standard","meta":{"footnotes":""},"categories":[67],"tags":[104,34,31,33,32,30,2768,105],"class_list":{"0":"post-81775","1":"post","2":"type-post","3":"status-publish","4":"format-standard","5":"has-post-thumbnail","7":"category-underhallning","8":"tag-entertainment","9":"tag-se","10":"tag-svenska","11":"tag-sverige","12":"tag-sweden","13":"tag-swedish","14":"tag-tv-tips","15":"tag-underhallning"},"share_on_mastodon":{"url":"https:\/\/pubeurope.com\/@se\/115557213523732028","error":""},"_links":{"self":[{"href":"https:\/\/www.europesays.com\/se\/wp-json\/wp\/v2\/posts\/81775","targetHints":{"allow":["GET"]}}],"collection":[{"href":"https:\/\/www.europesays.com\/se\/wp-json\/wp\/v2\/posts"}],"about":[{"href":"https:\/\/www.europesays.com\/se\/wp-json\/wp\/v2\/types\/post"}],"author":[{"embeddable":true,"href":"https:\/\/www.europesays.com\/se\/wp-json\/wp\/v2\/users\/2"}],"replies":[{"embeddable":true,"href":"https:\/\/www.europesays.com\/se\/wp-json\/wp\/v2\/comments?post=81775"}],"version-history":[{"count":0,"href":"https:\/\/www.europesays.com\/se\/wp-json\/wp\/v2\/posts\/81775\/revisions"}],"wp:featuredmedia":[{"embeddable":true,"href":"https:\/\/www.europesays.com\/se\/wp-json\/wp\/v2\/media\/81776"}],"wp:attachment":[{"href":"https:\/\/www.europesays.com\/se\/wp-json\/wp\/v2\/media?parent=81775"}],"wp:term":[{"taxonomy":"category","embeddable":true,"href":"https:\/\/www.europesays.com\/se\/wp-json\/wp\/v2\/categories?post=81775"},{"taxonomy":"post_tag","embeddable":true,"href":"https:\/\/www.europesays.com\/se\/wp-json\/wp\/v2\/tags?post=81775"}],"curies":[{"name":"wp","href":"https:\/\/api.w.org\/{rel}","templated":true}]}}