{"id":81788,"date":"2025-11-16T05:14:23","date_gmt":"2025-11-16T05:14:23","guid":{"rendered":"https:\/\/www.europesays.com\/se\/81788\/"},"modified":"2025-11-16T05:14:23","modified_gmt":"2025-11-16T05:14:23","slug":"sverige-kan-bli-grupptvaa-infor-vm-med-hjalp-av-slovenien","status":"publish","type":"post","link":"https:\/\/www.europesays.com\/se\/81788\/","title":{"rendered":"Sverige kan bli grupptv\u00e5a inf\u00f6r VM \u2013 med hj\u00e4lp av Slovenien"},"content":{"rendered":"<p>Att Sveriges VM-kval \u00e4r ett fiasko hittills l\u00e4r f\u00e5 bestrida. Men trots blott en po\u00e4ng p\u00e5 fyra matcher \u00e4r Graham Potters mannar garanterade att \u00e5tminstone spela playoff till VM i mars.<\/p>\n<p>Det st\u00e5r klart sedan Tyskland och Tjeckien s\u00e4krat en andraplats som s\u00e4mst i sina respektive kvalgrupper p\u00e5 fredagen.<\/p>\n<p>De b\u00e5da lagen tillh\u00f6r, tillsammans med Sverige, de landslag som vann sin grupp i Nations League f\u00f6rra h\u00f6sten. Fyra av tio Nations League-vinnare \u00e4r garanterade en plats i playoff-spelet i VM, graderade utifr\u00e5n sin plats p\u00e5 Fifas v\u00e4rldsrankning i november. Nu har samtliga sex vinnarlag fr\u00e5n Nations League med h\u00f6gre rankning \u00e4n Sverige i st\u00e4llet s\u00e4krat en andraplats som s\u00e4mst i det direkta VM-kvalet.<\/p>\n<p>D\u00e4rmed \u201dfrigjordes\u201d utrymme f\u00f6r Sverige att s\u00e4kra playoff till VM i Nordamerika som en av de fyra h\u00f6gst rankade \u00e5terst\u00e5ende Nations League-vinnarna fr\u00e5n Europa.<\/p>\n<p>L\u00e5ter det kr\u00e5ngligt?<\/p>\n<p>H\u00e5ll i hatten, f\u00f6r h\u00e4r kommer n\u00e4sta sifferexercis:<\/p>\n<p><strong>Om Sverige sl\u00e5r Schweiz<\/strong> p\u00e5 l\u00f6rdagen samtidigt som Slovenien sl\u00e5r Kosovo ligger v\u00e4gen \u00f6ppen f\u00f6r en andraplats i VM-kvalgruppen f\u00f6r Sverige. Graham Potters g\u00e4ng beh\u00f6ver d\u00e5 tre po\u00e4ng mot Slovenien p\u00e5 hemmaplan p\u00e5 tisdag, samtidigt som Schweiz sl\u00e5r Kosovo (se grafik nedan).<\/p>\n<p>          <img decoding=\"async\" class=\"picture__img\" src=\"https:\/\/www.europesays.com\/se\/wp-content\/uploads\/2025\/11\/364d27ba-4771-44c8-94c3-3bbd4b013755.jpeg\"   alt=\"Isak Hien \u00e4r lagkapten mot Schweiz i kv\u00e4ll, i Victor Nilsson Lindel\u00f6fs fr\u00e5nvaro.\"\/><\/p>\n<p>      Isak Hien \u00e4r lagkapten mot Schweiz i kv\u00e4ll, i Victor Nilsson Lindel\u00f6fs fr\u00e5nvaro.<\/p>\n<p>      Foto: Joel Marklund\/Bildbyr\u00e5n<\/p>\n<p>De svenska spelarna tycks dock m\u00e5ttligt intresserade av att spekulera i en andraplats i gruppen.<\/p>\n<p>\u2013 Vi vet att den lilla chansen d\u00e4r \u00e4r m\u00f6jlig, men det vore fel att fokusera p\u00e5 det i det h\u00e4r l\u00e4get, s\u00e4ger Isak Hien p\u00e5 presskonferensen inf\u00f6r matchen mot Schweiz i kv\u00e4ll.<\/p>\n<p><strong>Tittar ni p\u00e5 tabellen och inser att det fortfarande g\u00e5r att n\u00e5 andraplatsen om ett par andra resultat g\u00e5r in, eller har ni<\/strong> \u201d<strong>f\u00f6rbud<\/strong>\u201d <strong>mot det?<\/strong><\/p>\n<p>\u2013 Det ser ju tufft ut. Vi f\u00e5r fokusera p\u00e5 matchen imorgon och ta tre po\u00e4ng d\u00e4r och sen f\u00e5r vi se vad vi har f\u00f6r utg\u00e5ngsl\u00e4ge, s\u00e4ger Daniel Svensson inf\u00f6r matchen mot Schweiz.<\/p>\n<p>Han medger att inledningen av VM-kvalet varit tuff att hantera.<\/p>\n<p>\u2013 Vi vill g\u00f6ra bra resultat och spela bra fotboll f\u00f6r hela Sverige. Det \u00e4r klart att man k\u00e4nner att man gjort m\u00e5nga besvikna med resultatet och prestationerna.<\/p>\n<p>          <img decoding=\"async\" class=\"picture__img\" src=\"https:\/\/www.europesays.com\/se\/wp-content\/uploads\/2025\/11\/05d39cd5-7ab2-4333-aa6b-a49ef56ada3e.jpeg\"   alt=\"Daniel Svensson var en av tre spelare som d\u00f6k upp p\u00e5 presstr\u00e4ff dag f\u00f6re match mot Schweiz, en indikation p\u00e5 att han startar matchen i Gen\u00e8ve.\"\/><\/p>\n<p>      Daniel Svensson var en av tre spelare som d\u00f6k upp p\u00e5 presstr\u00e4ff dag f\u00f6re match mot Schweiz, en indikation p\u00e5 att han startar matchen i Gen\u00e8ve.<\/p>\n<p>      Foto: Joel Marklund\/Bildbyr\u00e5n<\/p>\n<p><strong>Jesper Karlstr\u00f6m menar at<\/strong>t man mer eller mindre t\u00e4nkt bort m\u00f6jligheten att bli grupptv\u00e5a.<\/p>\n<p>\u2013 Det har v\u00e4l blivit s\u00e5 med tanke p\u00e5 hur det har g\u00e5tt. I och med att vi har chansen via Nations League s\u00e5 blir det inte samma press inf\u00f6r matchen mot Schweiz.<\/p>\n<p>\u2013 Vi har inte pratat om att vi m\u00e5ste vinna den, men det vill vi verkligen g\u00f6ra, s\u00e5 det \u00e4r fullt fokus p\u00e5 det. Finns det en chans (att bli grupptv\u00e5a) s\u00e5 tar vi s\u00e5 klart g\u00e4rna den inf\u00f6r sista matchen.<\/p>\n<p>Ocks\u00e5 grupptv\u00e5orna i VM-kvalet tvingas till playoff-spel i mars, men mot \u2013 p\u00e5 pappret \u2013 enklare motst\u00e5nd \u00e4n vad som v\u00e4ntar de lag som kvalar via seger i Nations League.<\/p>\n<p>Det enda som \u00e4r helt s\u00e4kert \u00e4r att Sverige st\u00e4lls mot Schweiz i Gen\u00e8ve i kv\u00e4ll, med ett tungt manfall. Dejan Kulusevski, Viktor Gy\u00f6keres, Hugo Larsson, Lucas Bergvall, Victor Nilsson Lindel\u00f6f och Alexander Isak saknas samtliga n\u00e4r matchen bl\u00e5ses ig\u00e5ng klockan 20.45 p\u00e5 Stade de Gen\u00e8ve.<\/p>\n","protected":false},"excerpt":{"rendered":"Att Sveriges VM-kval \u00e4r ett fiasko hittills l\u00e4r f\u00e5 bestrida. Men trots blott en po\u00e4ng p\u00e5 fyra matcher&hellip;\n","protected":false},"author":2,"featured_media":81789,"comment_status":"","ping_status":"","sticky":false,"template":"","format":"standard","meta":{"footnotes":""},"categories":[5],"tags":[22,23,26,27,17,21,24,25,28,29,15,16,18,34,31,33,32,30,19,20],"class_list":{"0":"post-81788","1":"post","2":"type-post","3":"status-publish","4":"format-standard","5":"has-post-thumbnail","7":"category-rubriker","8":"tag-breaking-news","9":"tag-breakingnews","10":"tag-featured-news","11":"tag-featurednews","12":"tag-headlines","13":"tag-huvudnyheter","14":"tag-latest-news","15":"tag-latestnews","16":"tag-main-news","17":"tag-mainnews","18":"tag-news","19":"tag-nyheter","20":"tag-rubriker","21":"tag-se","22":"tag-svenska","23":"tag-sverige","24":"tag-sweden","25":"tag-swedish","26":"tag-top-stories","27":"tag-topstories"},"share_on_mastodon":{"url":"https:\/\/pubeurope.com\/@se\/115557673524595052","error":""},"_links":{"self":[{"href":"https:\/\/www.europesays.com\/se\/wp-json\/wp\/v2\/posts\/81788","targetHints":{"allow":["GET"]}}],"collection":[{"href":"https:\/\/www.europesays.com\/se\/wp-json\/wp\/v2\/posts"}],"about":[{"href":"https:\/\/www.europesays.com\/se\/wp-json\/wp\/v2\/types\/post"}],"author":[{"embeddable":true,"href":"https:\/\/www.europesays.com\/se\/wp-json\/wp\/v2\/users\/2"}],"replies":[{"embeddable":true,"href":"https:\/\/www.europesays.com\/se\/wp-json\/wp\/v2\/comments?post=81788"}],"version-history":[{"count":0,"href":"https:\/\/www.europesays.com\/se\/wp-json\/wp\/v2\/posts\/81788\/revisions"}],"wp:featuredmedia":[{"embeddable":true,"href":"https:\/\/www.europesays.com\/se\/wp-json\/wp\/v2\/media\/81789"}],"wp:attachment":[{"href":"https:\/\/www.europesays.com\/se\/wp-json\/wp\/v2\/media?parent=81788"}],"wp:term":[{"taxonomy":"category","embeddable":true,"href":"https:\/\/www.europesays.com\/se\/wp-json\/wp\/v2\/categories?post=81788"},{"taxonomy":"post_tag","embeddable":true,"href":"https:\/\/www.europesays.com\/se\/wp-json\/wp\/v2\/tags?post=81788"}],"curies":[{"name":"wp","href":"https:\/\/api.w.org\/{rel}","templated":true}]}}